{"id":737,"date":"2009-12-01T17:00:00","date_gmt":"2009-12-01T15:00:00","guid":{"rendered":"http:\/\/www.meier-gerdingh.de\/spd-oberhausen\/wp\/?p=737"},"modified":"2017-05-16T17:27:27","modified_gmt":"2017-05-16T15:27:27","slug":"spd-nominiert-stefan-zimkeit-als-kandidaten-fuer-sterkrade-und-dinslaken","status":"publish","type":"post","link":"https:\/\/meier-gerdingh.de\/wp-spd-ob\/2009\/12\/01\/spd-nominiert-stefan-zimkeit-als-kandidaten-fuer-sterkrade-und-dinslaken\/","title":{"rendered":"SPD nominiert Stefan Zimkeit als Kandidaten f\u00fcr Sterkrade und Dinslaken"},"content":{"rendered":"<div style=\"width: 150px\" class=\"wp-caption alignleft\"><a href=\"http:\/\/meier-gerdingh.de\/wp-spd-ob\/wp-content\/uploads\/zimkeit_stefan_09.jpg\"><img decoding=\"async\" class=\"size-full\" src=\"http:\/\/meier-gerdingh.de\/wp-spd-ob\/wp-content\/uploads\/zimkeit_stefan_09.jpg\" alt=\"Kandidiert 2010 in Sterkrade und Dinslaken f\u00fcr den Landtag NRW: Stefan Zimkeit\" width=\"140\" height=\"169\" \/><\/a><p class=\"wp-caption-text\">Kandidiert 2010 in Sterkrade und Dinslaken f\u00fcr den Landtag NRW: Stefan Zimkeit<\/p><\/div>\n<p>Die SPD-Delegierten aus dem Wahlkreis 56 (Oberhausen I &#8211; Wesel II\/ Dinslaken) haben am Montag ihren Direktkandidaten f\u00fcr die Landtagswahl im Mai n\u00e4chsten Jahres nominiert. Mit einer k\u00e4mpferischen Rede konnte Stefan Zimkeit die gro\u00dfe Mehrheit der Delegierten in der Oberhausener Luise-Albertz-Halle von sich \u00fcberzeugen und erzielte mit 76 von 101 g\u00fcltigen Stimmen ein gutes Ergebnis.<!--more--><\/p>\n<p>Seine Nominierung verstehe er als Auftrag und Ansporn, mit seiner Arbeit zu \u00fcberzeugen, sagte Zimkeit. &#8222;Gemeinsam mit euch werde ich daf\u00fcr k\u00e4mpfen, dass die Menschen in diesem Land, die Regierung bekommen, die sie verdienen,&#8220; bekr\u00e4ftigte der 45j\u00e4hrige. Im Wahlkampf und in seiner Arbeit im Landtag werde er sich wie bisher f\u00fcr ein faires Bildungssystem, eine gerechte Gemeindefinanzierung und den Kampf gegen Rechtsradikalismus einsetzen. Am Herzen liege ihm aber auch, dass sich die SPD-Mitglieder aus Oberhausen und Dinslaken nicht l\u00e4nger nur zu Personalentscheidungen tr\u00e4fen, sondern auch die inhaltliche Zusammenarbeit angingen. &#8222;Eines kann ich euch nicht ersparen&#8220;, gab Zimkeit seinen Dinslakener Parteifreunden augenzwinkernd mit auf den Weg, &#8222;n\u00e4mlich dass wir uns ab jetzt sehr viel \u00f6fter sehen werden.&#8220;<\/p>\n<p>F\u00fcr eine engere Abstimmung im Wahlkreis 56 hatte zuvor auch Karsten Bron geworben. Bron, der zun\u00e4chst als Mitbewerber galt, erkl\u00e4rte zum Auftakt der Delegiertenkonferenz \u00fcberraschend seinen Verzicht auf eine Kandidatur. Da sich bereits im Vorfeld der Wahl zeige, dass die Mehrheit der Delegierten auf Zimkeit als Direktkandidaten setze, gelte es nun geschlossen in den Wahlkampf zu gehen, sagte Bron zur Erkl\u00e4rung.<\/p>\n<p>Stefan Zimkeit ist stellvertretender Vorsitzender der Oberhausener Ratsfraktion und deren schulpolitischer Sprecher. Als langj\u00e4hriger Mitarbeiter des Landtagsabgeordneten Wolfgang Gro\u00dfe Br\u00f6mer und erfahrener Wahlk\u00e4mpfer ist er bestens gewappnet f\u00fcr seine zuk\u00fcnftige Aufgabe. Zimkeit bewirbt sich um die Nachfolge von Michael Groschek, der im September in den Deutschen Bundestag gew\u00e4hlt worden ist.<\/p>\n","protected":false},"excerpt":{"rendered":"<p>Die SPD-Delegierten aus dem Wahlkreis 56 (Oberhausen I &#8211; Wesel II\/ Dinslaken) haben am Montag ihren Direktkandidaten f\u00fcr die Landtagswahl im Mai n\u00e4chsten Jahres nominiert. Mit einer k\u00e4mpferischen Rede konnte&hellip; <\/p>\n","protected":false},"author":1,"featured_media":0,"comment_status":"closed","ping_status":"closed","sticky":false,"template":"","format":"standard","meta":{"footnotes":""},"categories":[1],"tags":[],"quellen":[],"class_list":["post-737","post","type-post","status-publish","format-standard","hentry","category-allgemein"],"_links":{"self":[{"href":"https:\/\/meier-gerdingh.de\/wp-spd-ob\/wp-json\/wp\/v2\/posts\/737","targetHints":{"allow":["GET"]}}],"collection":[{"href":"https:\/\/meier-gerdingh.de\/wp-spd-ob\/wp-json\/wp\/v2\/posts"}],"about":[{"href":"https:\/\/meier-gerdingh.de\/wp-spd-ob\/wp-json\/wp\/v2\/types\/post"}],"author":[{"embeddable":true,"href":"https:\/\/meier-gerdingh.de\/wp-spd-ob\/wp-json\/wp\/v2\/users\/1"}],"replies":[{"embeddable":true,"href":"https:\/\/meier-gerdingh.de\/wp-spd-ob\/wp-json\/wp\/v2\/comments?post=737"}],"version-history":[{"count":0,"href":"https:\/\/meier-gerdingh.de\/wp-spd-ob\/wp-json\/wp\/v2\/posts\/737\/revisions"}],"wp:attachment":[{"href":"https:\/\/meier-gerdingh.de\/wp-spd-ob\/wp-json\/wp\/v2\/media?parent=737"}],"wp:term":[{"taxonomy":"category","embeddable":true,"href":"https:\/\/meier-gerdingh.de\/wp-spd-ob\/wp-json\/wp\/v2\/categories?post=737"},{"taxonomy":"post_tag","embeddable":true,"href":"https:\/\/meier-gerdingh.de\/wp-spd-ob\/wp-json\/wp\/v2\/tags?post=737"},{"taxonomy":"quellen","embeddable":true,"href":"https:\/\/meier-gerdingh.de\/wp-spd-ob\/wp-json\/wp\/v2\/quellen?post=737"}],"curies":[{"name":"wp","href":"https:\/\/api.w.org\/{rel}","templated":true}]}}