{"id":741,"date":"2010-01-07T17:00:00","date_gmt":"2010-01-07T15:00:00","guid":{"rendered":"http:\/\/www.meier-gerdingh.de\/spd-oberhausen\/wp\/?p=741"},"modified":"2017-05-16T17:26:29","modified_gmt":"2017-05-16T15:26:29","slug":"frau-sommer-darf-nicht-mit-leeren-haenden-kommen","status":"publish","type":"post","link":"https:\/\/meier-gerdingh.de\/wp-spd-ob\/2010\/01\/07\/frau-sommer-darf-nicht-mit-leeren-haenden-kommen\/","title":{"rendered":"Frau Sommer darf nicht mit leeren H\u00e4nden kommen"},"content":{"rendered":"<div style=\"width: 150px\" class=\"wp-caption alignleft\"><a href=\"http:\/\/meier-gerdingh.de\/wp-spd-ob\/wp-content\/uploads\/grosse_broemer_wolfgang_09.jpg\"><img decoding=\"async\" class=\"size-full\" src=\"http:\/\/meier-gerdingh.de\/wp-spd-ob\/wp-content\/uploads\/grosse_broemer_wolfgang_09.jpg\" alt=\"Wolfgang Gro\u00dfe Br\u00f6mer ist Vorsitzender der SPD-Ratsfraktion und Mitglied des Landtags NRW\" width=\"140\" height=\"169\" \/><\/a><p class=\"wp-caption-text\">Wolfgang Gro\u00dfe Br\u00f6mer ist Vorsitzender der SPD-Ratsfraktion und Mitglied des Landtags NRW<\/p><\/div>\n<p>&#8222;Die Landesregierung muss endlich die notwendige Unterst\u00fctzung f\u00fcr den Ausbau von Ganztagsschulen leisten&#8220;, mit dieser Forderung reagiert die Oberhausener SPD auf den angek\u00fcndigten Besuch von Schulministerin Sommer in Oberhausen. Frau Sommer, so der SPD-Ratsfraktionsvorsitzende Wolfgang Gro\u00dfe Br\u00f6mer, d\u00fcrfe nicht mit leeren H\u00e4nden kommen. Die finanzielle Ausstattung f\u00fcr den Ausbau von Schulen zu Ganztagsschulen ist aus Sicht von Stefan Zimkeit, dem schulpolitischen Sprecher der SPD-Fraktion, vollkommen unzureichend. Dies w\u00fcrde gerade am Beispiel des Elsa-Br\u00e4ndstr\u00f6m-Gymnasiums besonders deutlich, das Frau Sommer am Freitag besucht.<!--more--><\/p>\n<p>So f\u00f6rdere das Land den Ausbau von Ganztagsschulen im Schnitt gerade mal mit 80.000 Euro pro Schule, diese w\u00fcrden aus st\u00e4dtischen Mitteln auf 200.000 Euro pro Schule aufgestockt. Damit halte das Land nicht einmal die Zusage ein, jede Schule im Rahmen eines 1000-Schulen-Programms mit 100.000 Euro zu f\u00f6rdern, so Zimkeit, der auch SPD-Landtagskandidat ist, weiter. Fr\u00fcher sei der Ausbau von Ganztagsschulen, etwa bei der Albert-Schweitzer-Hauptschule oder der Hauptschule Alstaden, aus Mitteln der rot-gr\u00fcnen Bundesregierung mit bis zu 1 Million Euro gef\u00f6rdert worden.<\/p>\n<p>Wolfgang Gro\u00dfe Br\u00f6mer (MdL) sieht hier auch die Erkl\u00e4rung, warum sich bisher erst ein Oberhausener Gymnasium und noch keine Realschulen gefunden hat, die den Antrag gestellt habe, Ganztagsschule zu werden. Zu einer Ganztagsschule geh\u00f6re eine entsprechende r\u00e4umliche Ausstattung und die sei f\u00fcr 80.000 Euro Zuschuss nicht zu haben. Dies f\u00fchre auch wieder zu einer weiteren Benachteiligung von Sch\u00fclerinnen und Sch\u00fclern in finanzschwachen Kommunen besonders im Ruhrgebiet. W\u00e4hrend reiche St\u00e4dte aus eigenen Mitteln Ganztagschulen ausbauen d\u00fcrften, werde dies St\u00e4dten wie Oberhausen, die unter Finanzaufsicht des Landes stehen, untersagt.<\/p>\n<p>Um so erfreulicher sei es daher, dass durch das Engagement der Schule und die enge Zusammenarbeit vieler Kooperationspartner am Elsa-Br\u00e4ndstr\u00f6m-Gymnasium die Voraussetzungen f\u00fcr den Start des Ganztages geschaffen werden konnten. Dieses Engagement und die gefundenen kreativen L\u00f6sungen verdienten die konkrete Unterst\u00fctzung auch durch das Land.<\/p>\n<p>Hierzu geh\u00f6re aus Sicht der SPD zun\u00e4chst, dem Elsa-Br\u00e4ndstr\u00f6m-Gymnasium die unbefristete Genehmigung als Ganztagsschule zu erteilen sowie dem Wunsch der Schule zu entsprechen, Lehrerstellen f\u00fcr den Ganztag kapitalisieren zu d\u00fcrfen, um ein vielf\u00e4ltiges Ganztagsangebot gew\u00e4hrleisten zu k\u00f6nnen. Von besonderer Bedeutung sei aber vor allem, die Forderung des Elsa-Br\u00e4ndstr\u00f6m-Gymnasiums und vieler anderer Schulen nach einer angemessenen Finanzausstattung f\u00fcr den Ausbau des Ganztages zu erf\u00fcllen, so Wolfgang Gro\u00dfe Br\u00f6mer abschlie\u00dfend.<\/p>\n","protected":false},"excerpt":{"rendered":"<p>&#8222;Die Landesregierung muss endlich die notwendige Unterst\u00fctzung f\u00fcr den Ausbau von Ganztagsschulen leisten&#8220;, mit dieser Forderung reagiert die Oberhausener SPD auf den angek\u00fcndigten Besuch von Schulministerin Sommer in Oberhausen. Frau&hellip; <\/p>\n","protected":false},"author":1,"featured_media":0,"comment_status":"closed","ping_status":"closed","sticky":false,"template":"","format":"standard","meta":{"footnotes":""},"categories":[1],"tags":[],"quellen":[],"class_list":["post-741","post","type-post","status-publish","format-standard","hentry","category-allgemein"],"_links":{"self":[{"href":"https:\/\/meier-gerdingh.de\/wp-spd-ob\/wp-json\/wp\/v2\/posts\/741","targetHints":{"allow":["GET"]}}],"collection":[{"href":"https:\/\/meier-gerdingh.de\/wp-spd-ob\/wp-json\/wp\/v2\/posts"}],"about":[{"href":"https:\/\/meier-gerdingh.de\/wp-spd-ob\/wp-json\/wp\/v2\/types\/post"}],"author":[{"embeddable":true,"href":"https:\/\/meier-gerdingh.de\/wp-spd-ob\/wp-json\/wp\/v2\/users\/1"}],"replies":[{"embeddable":true,"href":"https:\/\/meier-gerdingh.de\/wp-spd-ob\/wp-json\/wp\/v2\/comments?post=741"}],"version-history":[{"count":0,"href":"https:\/\/meier-gerdingh.de\/wp-spd-ob\/wp-json\/wp\/v2\/posts\/741\/revisions"}],"wp:attachment":[{"href":"https:\/\/meier-gerdingh.de\/wp-spd-ob\/wp-json\/wp\/v2\/media?parent=741"}],"wp:term":[{"taxonomy":"category","embeddable":true,"href":"https:\/\/meier-gerdingh.de\/wp-spd-ob\/wp-json\/wp\/v2\/categories?post=741"},{"taxonomy":"post_tag","embeddable":true,"href":"https:\/\/meier-gerdingh.de\/wp-spd-ob\/wp-json\/wp\/v2\/tags?post=741"},{"taxonomy":"quellen","embeddable":true,"href":"https:\/\/meier-gerdingh.de\/wp-spd-ob\/wp-json\/wp\/v2\/quellen?post=741"}],"curies":[{"name":"wp","href":"https:\/\/api.w.org\/{rel}","templated":true}]}}