{"id":744,"date":"2010-01-21T17:00:00","date_gmt":"2010-01-21T15:00:00","guid":{"rendered":"http:\/\/www.meier-gerdingh.de\/spd-oberhausen\/wp\/?p=744"},"modified":"2017-05-16T17:26:12","modified_gmt":"2017-05-16T15:26:12","slug":"schwarz-gelbe-steuersenkungspolitik-schadet-dem-kinderbetreuungsausbau-in-oberhausen","status":"publish","type":"post","link":"https:\/\/meier-gerdingh.de\/wp-spd-ob\/2010\/01\/21\/schwarz-gelbe-steuersenkungspolitik-schadet-dem-kinderbetreuungsausbau-in-oberhausen\/","title":{"rendered":"Schwarz-gelbe Steuersenkungspolitik schadet dem Kinderbetreuungsausbau in Oberhausen"},"content":{"rendered":"<div style=\"width: 150px\" class=\"wp-caption alignleft\"><a href=\"http:\/\/meier-gerdingh.de\/wp-spd-ob\/wp-content\/uploads\/groschek_michael_09.jpg\"><img decoding=\"async\" class=\"size-full\" src=\"http:\/\/meier-gerdingh.de\/wp-spd-ob\/wp-content\/uploads\/groschek_michael_09.jpg\" alt=\"Michael Groschek (52) ist direkt gew\u00e4hlter Bundestagsabgeordneter f\u00fcr den Wahlkreis Oberhausen \/ Dinslaken und Mitglied im Verteidigungsausschuss\" width=\"140\" height=\"186\" \/><\/a><p class=\"wp-caption-text\">Michael Groschek (52) ist direkt gew\u00e4hlter Bundestagsabgeordneter f\u00fcr den Wahlkreis Oberhausen \/ Dinslaken und Mitglied im Verteidigungsausschuss<\/p><\/div>\n<p>Der Bundestagsabgeordnete Michael Groschek bef\u00fcrchtet, dass die Steuersenkungspolitik der schwarz-gelben Bundesregierung die Kommunen mit milliardenschweren Einnahmeausf\u00e4llen belastet und den Ausbau der Kinderbetreuung in Oberhausen gef\u00e4hrden kann. Ma\u00dfnahmen wie das Wachstumsbeschleunigungsgesetz setzen die Kommunen erheblich unter finanziellen Druck.<!--more--><\/p>\n<p>Michael Groschek: &#8222;Die Kommunen k\u00f6nnen oft gar nicht anders, als den Druck an die B\u00fcrgerinnen und B\u00fcrger weiterzugeben. Ich sehe die Gefahr, dass auch Oberhausen h\u00f6here Geb\u00fchren und Abgaben auf die B\u00fcrgerinnen und B\u00fcrger sowie h\u00f6here Kita-Geb\u00fchren auf die Eltern zukommen. Ich finde es unverantwortlich, dass die milliardenschweren Steuergeschenke auf dem R\u00fccken der B\u00fcrgerinnen und B\u00fcrger und vor allem der Familien ausgetragen werden.&#8220;<\/p>\n<p>Die SPD hat in ihrer Regierungszeit erreichen k\u00f6nnen, dass der Bund die L\u00e4nder und die Kommunen mit 4 Milliarden Euro bis 2013 f\u00fcr den Kinderbetreuungsausbau unterst\u00fctzt. Mit diesem Geld werden auch in Oberhausen Betreuungspl\u00e4tze f\u00fcr unter Dreij\u00e4hrige geschaffen. Die SPD hat auch durchgesetzt, dass sich der Bund dauerhaft an den Betriebskosten beteiligt: Ab 2014 stehen L\u00e4ndern und Kommunen j\u00e4hrlich 770 Mio. Euro Bundesmittel zur Verf\u00fcgung. Au\u00dferdem werden Eltern mit ein- bis dreij\u00e4hrigen Kindern im Kitajahr ab 2013 einen Rechtsanspruch auf einen Betreuungsplatz haben.<\/p>\n","protected":false},"excerpt":{"rendered":"<p>Der Bundestagsabgeordnete Michael Groschek bef\u00fcrchtet, dass die Steuersenkungspolitik der schwarz-gelben Bundesregierung die Kommunen mit milliardenschweren Einnahmeausf\u00e4llen belastet und den Ausbau der Kinderbetreuung in Oberhausen gef\u00e4hrden kann. Ma\u00dfnahmen wie das Wachstumsbeschleunigungsgesetz&hellip; <\/p>\n","protected":false},"author":1,"featured_media":0,"comment_status":"closed","ping_status":"closed","sticky":false,"template":"","format":"standard","meta":{"footnotes":""},"categories":[1],"tags":[],"quellen":[],"class_list":["post-744","post","type-post","status-publish","format-standard","hentry","category-allgemein"],"_links":{"self":[{"href":"https:\/\/meier-gerdingh.de\/wp-spd-ob\/wp-json\/wp\/v2\/posts\/744","targetHints":{"allow":["GET"]}}],"collection":[{"href":"https:\/\/meier-gerdingh.de\/wp-spd-ob\/wp-json\/wp\/v2\/posts"}],"about":[{"href":"https:\/\/meier-gerdingh.de\/wp-spd-ob\/wp-json\/wp\/v2\/types\/post"}],"author":[{"embeddable":true,"href":"https:\/\/meier-gerdingh.de\/wp-spd-ob\/wp-json\/wp\/v2\/users\/1"}],"replies":[{"embeddable":true,"href":"https:\/\/meier-gerdingh.de\/wp-spd-ob\/wp-json\/wp\/v2\/comments?post=744"}],"version-history":[{"count":0,"href":"https:\/\/meier-gerdingh.de\/wp-spd-ob\/wp-json\/wp\/v2\/posts\/744\/revisions"}],"wp:attachment":[{"href":"https:\/\/meier-gerdingh.de\/wp-spd-ob\/wp-json\/wp\/v2\/media?parent=744"}],"wp:term":[{"taxonomy":"category","embeddable":true,"href":"https:\/\/meier-gerdingh.de\/wp-spd-ob\/wp-json\/wp\/v2\/categories?post=744"},{"taxonomy":"post_tag","embeddable":true,"href":"https:\/\/meier-gerdingh.de\/wp-spd-ob\/wp-json\/wp\/v2\/tags?post=744"},{"taxonomy":"quellen","embeddable":true,"href":"https:\/\/meier-gerdingh.de\/wp-spd-ob\/wp-json\/wp\/v2\/quellen?post=744"}],"curies":[{"name":"wp","href":"https:\/\/api.w.org\/{rel}","templated":true}]}}