{"id":746,"date":"2010-01-27T17:00:00","date_gmt":"2010-01-27T15:00:00","guid":{"rendered":"http:\/\/www.meier-gerdingh.de\/spd-oberhausen\/wp\/?p=746"},"modified":"2017-05-16T17:14:23","modified_gmt":"2017-05-16T15:14:23","slug":"mehr-chancengleichheit-fuer-jugendliche-ferienjobs-bei-hartz-iv-nicht-anrechnen","status":"publish","type":"post","link":"https:\/\/meier-gerdingh.de\/wp-spd-ob\/2010\/01\/27\/mehr-chancengleichheit-fuer-jugendliche-ferienjobs-bei-hartz-iv-nicht-anrechnen\/","title":{"rendered":"Mehr Chancengleichheit f\u00fcr Jugendliche &#8211; Ferienjobs bei HARTZ IV nicht anrechnen"},"content":{"rendered":"<div style=\"width: 150px\" class=\"wp-caption alignleft\"><a href=\"http:\/\/meier-gerdingh.de\/wp-spd-ob\/wp-content\/uploads\/groschek_michael_09.jpg\"><img decoding=\"async\" class=\"size-full\" src=\"http:\/\/meier-gerdingh.de\/wp-spd-ob\/wp-content\/uploads\/groschek_michael_09.jpg\" alt=\"Michael Groschek (52) ist direkt gew\u00e4hlter Bundestagsabgeordneter f\u00fcr den Wahlkreis Oberhausen \/ Dinslaken und Mitglied im Verteidigungsausschuss\" width=\"140\" height=\"186\" \/><\/a><p class=\"wp-caption-text\">Michael Groschek (52) ist direkt gew\u00e4hlter Bundestagsabgeordneter f\u00fcr den Wahlkreis Oberhausen \/ Dinslaken und Mitglied im Verteidigungsausschuss<\/p><\/div>\n<p>Viele junge Menschen verdienen sich durch Ferienjobs etwas hinzu. Sie wollen sich damit kleine allt\u00e4gliche W\u00fcnsche erf\u00fcllen. Gleichzeitig sammeln sie so erste Erfahrungen auf dem Arbeitsmarkt. Bei jungen Menschen aus HARTZ IV-Familien wird das Einkommen aus einem Ferienjob als laufende Einnahme behandelt und in dem Monat bzw. in den Monaten, in dem es zuflie\u00dft, auf das Sozialgeld angerechnet. Das ist entmutigend. Gerade Jugendlichen aus HARTZ IV-Familien k\u00f6nnen Ferienjobs helfen, Perspektivlosigkeit und Resignation zu \u00fcberwinden.<!--more--><\/p>\n<p>Michael Groschek: &#8222;Es ist ungerecht, wenn Klassenkameraden den vollen Lohn zur Erf\u00fcllung von W\u00fcnschen behalten d\u00fcrfen, junge Menschen arbeitsloser Eltern jedoch Teile ihrer Eink\u00fcnfte zur Bestreitung des allgemeinen Lebensunterhaltes der Familie einsetzen m\u00fcssen.&#8220;<\/p>\n<p>Aus Gr\u00fcnden der Chancengleichheit fordern wir, dass angemessene Einnahmen aus einem Ferienjob k\u00fcnftig nicht als Einkommen im Sinne des SGB II ber\u00fccksichtigt werden. Es geht dabei um Sch\u00fcler, die das 25. Lebensjahr noch nicht vollendet haben und eine allgemein- oder berufsbildende Schule besuchen.<\/p>\n<p>&#8222;Ich bin \u00fcberzeugt&#8220;, so Groschek, &#8222;dass Ferienjobs dazu beitragen, jungen Menschen Selbstbewusstsein zu geben und sich beruflich zu orientieren.&#8220;<\/p>\n","protected":false},"excerpt":{"rendered":"<p>Viele junge Menschen verdienen sich durch Ferienjobs etwas hinzu. Sie wollen sich damit kleine allt\u00e4gliche W\u00fcnsche erf\u00fcllen. Gleichzeitig sammeln sie so erste Erfahrungen auf dem Arbeitsmarkt. Bei jungen Menschen aus&hellip; <\/p>\n","protected":false},"author":1,"featured_media":0,"comment_status":"closed","ping_status":"closed","sticky":false,"template":"","format":"standard","meta":{"footnotes":""},"categories":[1],"tags":[],"quellen":[],"class_list":["post-746","post","type-post","status-publish","format-standard","hentry","category-allgemein"],"_links":{"self":[{"href":"https:\/\/meier-gerdingh.de\/wp-spd-ob\/wp-json\/wp\/v2\/posts\/746","targetHints":{"allow":["GET"]}}],"collection":[{"href":"https:\/\/meier-gerdingh.de\/wp-spd-ob\/wp-json\/wp\/v2\/posts"}],"about":[{"href":"https:\/\/meier-gerdingh.de\/wp-spd-ob\/wp-json\/wp\/v2\/types\/post"}],"author":[{"embeddable":true,"href":"https:\/\/meier-gerdingh.de\/wp-spd-ob\/wp-json\/wp\/v2\/users\/1"}],"replies":[{"embeddable":true,"href":"https:\/\/meier-gerdingh.de\/wp-spd-ob\/wp-json\/wp\/v2\/comments?post=746"}],"version-history":[{"count":0,"href":"https:\/\/meier-gerdingh.de\/wp-spd-ob\/wp-json\/wp\/v2\/posts\/746\/revisions"}],"wp:attachment":[{"href":"https:\/\/meier-gerdingh.de\/wp-spd-ob\/wp-json\/wp\/v2\/media?parent=746"}],"wp:term":[{"taxonomy":"category","embeddable":true,"href":"https:\/\/meier-gerdingh.de\/wp-spd-ob\/wp-json\/wp\/v2\/categories?post=746"},{"taxonomy":"post_tag","embeddable":true,"href":"https:\/\/meier-gerdingh.de\/wp-spd-ob\/wp-json\/wp\/v2\/tags?post=746"},{"taxonomy":"quellen","embeddable":true,"href":"https:\/\/meier-gerdingh.de\/wp-spd-ob\/wp-json\/wp\/v2\/quellen?post=746"}],"curies":[{"name":"wp","href":"https:\/\/api.w.org\/{rel}","templated":true}]}}