{"id":7465,"date":"2020-08-12T15:57:18","date_gmt":"2020-08-12T13:57:18","guid":{"rendered":"https:\/\/meier-gerdingh.de\/wp-spd-ob\/?p=7465"},"modified":"2020-08-12T15:58:24","modified_gmt":"2020-08-12T13:58:24","slug":"thorsten-berg-und-die-spd-kritisieren-realschul-plaene-und-digitalisierungsfortschritt","status":"publish","type":"post","link":"https:\/\/meier-gerdingh.de\/wp-spd-ob\/2020\/08\/12\/thorsten-berg-und-die-spd-kritisieren-realschul-plaene-und-digitalisierungsfortschritt\/","title":{"rendered":"Thorsten Berg und die SPD kritisieren Realschul-Pl\u00e4ne und Digitalisierungsfortschritt"},"content":{"rendered":"<div id=\"attachment_7462\" style=\"width: 310px\" class=\"wp-caption alignleft\"><a href=\"https:\/\/meier-gerdingh.de\/wp-spd-ob\/wp-content\/uploads\/2020\/08\/thorsten-berg-spd-ob-kandidat-lg.jpg\"><img aria-describedby=\"caption-attachment-7462\" decoding=\"async\" class=\"size-full wp-image-7462\" src=\"https:\/\/meier-gerdingh.de\/wp-spd-ob\/wp-content\/uploads\/2020\/08\/thorsten-berg-spd-ob-kandidat.jpg\" alt=\"\" width=\"300\" height=\"450\" srcset=\"https:\/\/meier-gerdingh.de\/wp-spd-ob\/wp-content\/uploads\/2020\/08\/thorsten-berg-spd-ob-kandidat.jpg 300w, https:\/\/meier-gerdingh.de\/wp-spd-ob\/wp-content\/uploads\/2020\/08\/thorsten-berg-spd-ob-kandidat-200x300.jpg 200w\" sizes=\"(max-width: 300px) 100vw, 300px\" \/><\/a><p id=\"caption-attachment-7462\" class=\"wp-caption-text\">Thorsten Berg ist der Oberb\u00fcrgermeister-Kandidat der Oberhausener SPD<\/p><\/div>\n<p>Auf Unverst\u00e4ndnis auf Seiten der Oberhausener SPD st\u00f6\u00dft die Forderung der CDU nach einer weiteren Realschule in Oberhausen. &#8222;Die Union hat unseren Vorschlag einer neuen Gesamtschule im Knappenviertel als &#8218;abenteuerlich&#8216; bezeichnet&#8220;, so der OB-Kandidat der Sozialdemokraten, Thorsten Berg.<\/p>\n<p>&#8222;Ich finde es nicht nur abenteuerlich, sondern bildungspolitisch falsch, von einer Schule f\u00fcr Kinder und Jugendliche zu fabulieren, deren Ziel eine Berufsausbildung im handwerklichen, hauswirtschaftlichen oder pflegerischen Bereich sein soll. Wir sollten doch endlich davon wegkommen, Kinder schon ab der f\u00fcnften Klasse zu kategorisieren.&#8220;<\/p>\n<p>F\u00fcr Thorsten Berg steht fest: &#8222;Eine Gesamtschule bietet unseren Kindern die h\u00f6chstm\u00f6gliche Chancengleichheit. Die Stellungnahme der CDU zeigt, dass die CDU ihr gest\u00f6rtes Verh\u00e4ltnis zur Schulform Gesamtschule offenbar immer noch nicht \u00fcberwunden hat.&#8220;<!--more--><\/p>\n<p>Wer tats\u00e4chlich ein zus\u00e4tzliches schulisches Angebot in Alt-Oberhausen mit m\u00f6glichst breitem Bildungsspektrum und gr\u00f6\u00dftm\u00f6glichen Bildungschancen ohne Abschulung w\u00fcnsche, k\u00f6nne nicht ernstlich ein isoliert-enges Bildungsangebot einer Realschule fordern. &#8222;Die Zeiten, in denen konservative Politiker festschreiben wollten, welche und wie viele Kinder das Abitur machen d\u00fcrfen, m\u00fcssen endg\u00fcltig vorbei sein&#8220;, erkl\u00e4rt Thorsten Berg.<\/p>\n<p>Doch nicht nur die Schulpl\u00e4ne der CDU l\u00f6sen bei den Sozialdemokraten Kopfsch\u00fctteln aus, auch der Zustand der bestehenden Schulen ist beklagenswert: P\u00fcnktlich zum Beginn des neuen Schuljahres erh\u00e4lt Oberhausen katastrophale Schulnoten im Bereich digitale Bildung!<\/p>\n<p>Nach einer Umfrage des WDR zur Ausstattung der Schulen bei 309 nordrheinwestf\u00e4lischen St\u00e4dten schneidet unsere Stadt weit unter Durchschnitt erschreckend schlecht ab. Die Zahlen sprechen f\u00fcr sich: F\u00fcr 100 Sch\u00fclerinnen und Sch\u00fcler stehen lediglich 1,3 Tablets und 1,8 Laptops zur Verf\u00fcgung. Die Nutzung eines Whiteboards m\u00fcssen sich 1000 Schulkinder teilen. Anteil der Schulen mit Glasfaseranschluss: 0,0 %!<\/p>\n<p>&#8222;Das Ergebnis ist erschreckend, allerdings nicht unerwartet&#8220;, urteilt Kirsten Oberste-Kleinbeck, die bildungspolitische Sprecherin der SPD-Fraktion. &#8222;Seit Juni 2017 hat die Stadt durch Ratsbeschluss den Auftrag, die Schulen mit Glasfaseranschl\u00fcssen und digitalen Endger\u00e4ten zu versorgen. Getan hat sich offensichtlich wenig, obwohl wir seit Monaten die Umsetzung des Ratsbeschlusses einfordern.&#8220;<\/p>\n<p>Die nun verk\u00fcndete Lieferung von 4200 Laptops oder Tablets \u00fcber ein Sofortprogramm des Landes \u00e4ndert daran wenig \u2013 zumal weder feststeht, wann die Ger\u00e4te kommen werden, noch die Kriterien der Verteilung an die Sch\u00fclerinnen und Sch\u00fcler. &#8222;Es muss klar sein, dass Schulen mit einem schlechten Sozialindex bevorzugt versorgt werden m\u00fcssen&#8220;, fordert Thorsten Berg. Zielvorstellung bliebe es nat\u00fcrlich, alle Sch\u00fclerinnen und Sch\u00fcler in Oberhausen mit den gleichen Ger\u00e4ten auszur\u00fcsten.<\/p>\n<p>SPD-Fraktionschefin Sonja Bongers bef\u00fcrchtet eine weitere Versch\u00e4rfung der sozialen Bildungsbenachteiligung. &#8222;Die Bildungsforscher warnen bereits deutlich davor, dass durch die Schulschlie\u00dfungen w\u00e4hrend der Corona-Pandemie die Kinder aus bildungsferneren Haushalten wegen der nicht vorhandenen Teilhabem\u00f6glichkeit an digitaler Bildung zus\u00e4tzlich benachteiligt werden und Bildungschancen nicht wahrnehmen k\u00f6nnen. Hier muss deutlich mehr gef\u00f6rdert werden!&#8220;<\/p>\n<p>Sonja Bongers ist immer noch schockiert \u00fcber die letzte Ratssitzung, in der erst nach heftiger Diskussion eine unselige Allianz aus CDU, Gr\u00fcnen und Linken bereit war, bei der Schulausstattung mit digitalen Lernmitteln auch soziale Kriterien zu ber\u00fccksichtigen.<\/p>\n<p>Thorsten Berg, SPD-Oberb\u00fcrgermeisterkandidat, kommentiert die WDR-Zahlen unmissverst\u00e4ndlich:<\/p>\n<p>&#8222;W\u00e4hrend in der Nachbarstadt Essen \u00fcber 90 Prozent der Schulen \u00fcber Glasfaseranschl\u00fcsse verf\u00fcgen, l\u00e4sst sich bei uns der Oberb\u00fcrgermeister in den Medien daf\u00fcr feiern, dass auch noch das letzte Privathaus am Hirschkamp am Glasfasernetz angeschlossen wird. Hier m\u00fcssen andere Priorit\u00e4ten gesetzt werden: Die Bildungschancen der Oberhausener Kinder m\u00fcssen an erster Stelle stehen!&#8220;<\/p>\n","protected":false},"excerpt":{"rendered":"<p>Auf Unverst\u00e4ndnis auf Seiten der Oberhausener SPD st\u00f6\u00dft die Forderung der CDU nach einer weiteren Realschule in Oberhausen. &#8222;Die Union hat unseren Vorschlag einer neuen Gesamtschule im Knappenviertel als &#8218;abenteuerlich&#8216;&hellip; <\/p>\n","protected":false},"author":1,"featured_media":0,"comment_status":"closed","ping_status":"closed","sticky":false,"template":"","format":"standard","meta":{"footnotes":""},"categories":[231,2],"tags":[2458,244,2463,804,2457,2456,2455,2459,251,299,1551,2461,2460,2462,2225,2323],"quellen":[327],"class_list":["post-7465","post","type-post","status-publish","format-standard","hentry","category-bildung","category-schule","tag-5-gesamtschule","tag-chancengleichheit","tag-corona-pandemie","tag-digitale-bildung","tag-gesamtschulen","tag-glasfaseranschluesse","tag-glasfasernetz","tag-knappenviertel","tag-ob-kandidat","tag-oberbuergermeister-kandidat","tag-realschulen","tag-schul-laptops","tag-schul-tablets","tag-schulausstattung","tag-schulschliessungen","tag-thorsten-berg","quellen-spd-unterbezirk-oberhausen"],"_links":{"self":[{"href":"https:\/\/meier-gerdingh.de\/wp-spd-ob\/wp-json\/wp\/v2\/posts\/7465","targetHints":{"allow":["GET"]}}],"collection":[{"href":"https:\/\/meier-gerdingh.de\/wp-spd-ob\/wp-json\/wp\/v2\/posts"}],"about":[{"href":"https:\/\/meier-gerdingh.de\/wp-spd-ob\/wp-json\/wp\/v2\/types\/post"}],"author":[{"embeddable":true,"href":"https:\/\/meier-gerdingh.de\/wp-spd-ob\/wp-json\/wp\/v2\/users\/1"}],"replies":[{"embeddable":true,"href":"https:\/\/meier-gerdingh.de\/wp-spd-ob\/wp-json\/wp\/v2\/comments?post=7465"}],"version-history":[{"count":0,"href":"https:\/\/meier-gerdingh.de\/wp-spd-ob\/wp-json\/wp\/v2\/posts\/7465\/revisions"}],"wp:attachment":[{"href":"https:\/\/meier-gerdingh.de\/wp-spd-ob\/wp-json\/wp\/v2\/media?parent=7465"}],"wp:term":[{"taxonomy":"category","embeddable":true,"href":"https:\/\/meier-gerdingh.de\/wp-spd-ob\/wp-json\/wp\/v2\/categories?post=7465"},{"taxonomy":"post_tag","embeddable":true,"href":"https:\/\/meier-gerdingh.de\/wp-spd-ob\/wp-json\/wp\/v2\/tags?post=7465"},{"taxonomy":"quellen","embeddable":true,"href":"https:\/\/meier-gerdingh.de\/wp-spd-ob\/wp-json\/wp\/v2\/quellen?post=7465"}],"curies":[{"name":"wp","href":"https:\/\/api.w.org\/{rel}","templated":true}]}}