{"id":747,"date":"2010-02-01T17:00:00","date_gmt":"2010-02-01T15:00:00","guid":{"rendered":"http:\/\/www.meier-gerdingh.de\/spd-oberhausen\/wp\/?p=747"},"modified":"2017-05-16T17:14:14","modified_gmt":"2017-05-16T15:14:14","slug":"stefan-scheffler-bleibt-vorsitzender","status":"publish","type":"post","link":"https:\/\/meier-gerdingh.de\/wp-spd-ob\/2010\/02\/01\/stefan-scheffler-bleibt-vorsitzender\/","title":{"rendered":"Stefan Scheffler bleibt Vorsitzender"},"content":{"rendered":"<div style=\"width: 210px\" class=\"wp-caption alignleft\"><a href=\"http:\/\/meier-gerdingh.de\/wp-spd-ob\/wp-content\/uploads\/ov_nord_jhv_2010.jpg\"><img decoding=\"async\" class=\"size-full\" src=\"http:\/\/meier-gerdingh.de\/wp-spd-ob\/wp-content\/uploads\/ov_nord_jhv_2010.jpg\" alt=\"Stefan Scheffler (rechts im Bild) bleibt Vorsitzender des Ortsvereins Sterkrade-Nord\" width=\"200\" height=\"137\" \/><\/a><p class=\"wp-caption-text\">Stefan Scheffler (rechts im Bild) bleibt Vorsitzender des Ortsvereins Sterkrade-Nord<\/p><\/div>\n<p>Der SPD-Ortsverein Sterkrade- Nord hat am vergangenen Mittwoch, 27.01.2010 einen neuen Vorstand gew\u00e4hlt. Bei der Wahl zum Vorsitzenden wurde der bisherige Ortsvereinvorsitzende Stefan Scheffler mit einem souver\u00e4nen Ergebnis von 90% wieder gew\u00e4hlt. Als seine Stellvertreter w\u00e4hlte die Versammlung Dr. Jochen Richter und Sebastian Flecken. Sebastian Flecken folgt damit Ursula Wingens, der Stefan Scheffler f\u00fcr ihre hervorragend geleistete Arbeit dankte.<!--more--><\/p>\n<p>Als Schriftf\u00fchrer werden Anja Schwarz und Werner Janzen, als Hauptkassierer Siegfried Icking und Frank Bohnes die Arbeit des Ortsvereins unterst\u00fctzen. Siegfried Icking k\u00fcmmert sich als Gesch\u00e4ftsf\u00fchrer auch in dieser Amtszeit gleichzeitig um organisatorische Belange.<\/p>\n<p>Ferner w\u00e4hlte die Versammlung zehn Beisitzerinnen und Beisitzer:<\/p>\n<p>Rudolf Hegenberg, Gerhard Holtz, Annemarie Nowak, Elmar Oertel, Bj\u00f6rn Patzke, Ulrich Real, Anja Reichstein, Bernd Reinemann, Ursula Wingens, Marlies van Zwamen.<\/p>\n<p>In seiner Rede dankte Stefan Scheffler den Genossinnen und Genossen f\u00fcr die geleistete Arbeit im vergangenen Jahr und den zur\u00fcckliegenden Wahlk\u00e4mpfen, k\u00fcndigte gleichzeitig aber auch f\u00fcr den bevorstehenden Landtagswahlkampf an:<\/p>\n<p>&#8222;NRW ist das zu Hause der SPD. Es ist unser zu Hause. Wir wollen uns den Landtag zur\u00fcckholen. Genau daf\u00fcr treten wir an!&#8220;<\/p>\n","protected":false},"excerpt":{"rendered":"<p>Der SPD-Ortsverein Sterkrade- Nord hat am vergangenen Mittwoch, 27.01.2010 einen neuen Vorstand gew\u00e4hlt. Bei der Wahl zum Vorsitzenden wurde der bisherige Ortsvereinvorsitzende Stefan Scheffler mit einem souver\u00e4nen Ergebnis von 90%&hellip; <\/p>\n","protected":false},"author":1,"featured_media":0,"comment_status":"closed","ping_status":"closed","sticky":false,"template":"","format":"standard","meta":{"footnotes":""},"categories":[1],"tags":[],"quellen":[],"class_list":["post-747","post","type-post","status-publish","format-standard","hentry","category-allgemein"],"_links":{"self":[{"href":"https:\/\/meier-gerdingh.de\/wp-spd-ob\/wp-json\/wp\/v2\/posts\/747","targetHints":{"allow":["GET"]}}],"collection":[{"href":"https:\/\/meier-gerdingh.de\/wp-spd-ob\/wp-json\/wp\/v2\/posts"}],"about":[{"href":"https:\/\/meier-gerdingh.de\/wp-spd-ob\/wp-json\/wp\/v2\/types\/post"}],"author":[{"embeddable":true,"href":"https:\/\/meier-gerdingh.de\/wp-spd-ob\/wp-json\/wp\/v2\/users\/1"}],"replies":[{"embeddable":true,"href":"https:\/\/meier-gerdingh.de\/wp-spd-ob\/wp-json\/wp\/v2\/comments?post=747"}],"version-history":[{"count":0,"href":"https:\/\/meier-gerdingh.de\/wp-spd-ob\/wp-json\/wp\/v2\/posts\/747\/revisions"}],"wp:attachment":[{"href":"https:\/\/meier-gerdingh.de\/wp-spd-ob\/wp-json\/wp\/v2\/media?parent=747"}],"wp:term":[{"taxonomy":"category","embeddable":true,"href":"https:\/\/meier-gerdingh.de\/wp-spd-ob\/wp-json\/wp\/v2\/categories?post=747"},{"taxonomy":"post_tag","embeddable":true,"href":"https:\/\/meier-gerdingh.de\/wp-spd-ob\/wp-json\/wp\/v2\/tags?post=747"},{"taxonomy":"quellen","embeddable":true,"href":"https:\/\/meier-gerdingh.de\/wp-spd-ob\/wp-json\/wp\/v2\/quellen?post=747"}],"curies":[{"name":"wp","href":"https:\/\/api.w.org\/{rel}","templated":true}]}}