{"id":750,"date":"2010-02-12T17:00:00","date_gmt":"2010-02-12T15:00:00","guid":{"rendered":"http:\/\/www.meier-gerdingh.de\/spd-oberhausen\/wp\/?p=750"},"modified":"2017-05-16T17:13:49","modified_gmt":"2017-05-16T15:13:49","slug":"koalition-erfolgreich-gestartet","status":"publish","type":"post","link":"https:\/\/meier-gerdingh.de\/wp-spd-ob\/2010\/02\/12\/koalition-erfolgreich-gestartet\/","title":{"rendered":"Koalition erfolgreich gestartet"},"content":{"rendered":"<div style=\"width: 150px\" class=\"wp-caption alignleft\"><a href=\"http:\/\/meier-gerdingh.de\/wp-spd-ob\/wp-content\/uploads\/motschull_frank_09.jpg\"><img decoding=\"async\" class=\"size-full\" src=\"http:\/\/meier-gerdingh.de\/wp-spd-ob\/wp-content\/uploads\/motschull_frank_09.jpg\" alt=\"Frank Motschull ist Vorsitzender des Ortsvereins Oberhausen-Ost und sozialpolitischer Sprecher der SPD-Ratsfraktion\" width=\"140\" height=\"169\" \/><\/a><p class=\"wp-caption-text\">Frank Motschull ist Vorsitzender des Ortsvereins Oberhausen-Ost und sozialpolitischer Sprecher der SPD-Ratsfraktion<\/p><\/div>\n<p>Eine gute, vertrauensvolle Zusammenarbeit und die klare Orientierung an den wichtigen sachlichen Herausforderungen der kommenden Jahre, so lautet das Fazit von Frank Motschull, Vorsitzender des SPD-Ortsvereins Oberhausen-Ost, \u00fcber die ersten Monate der Arbeit von Rot-Gr\u00fcn in Oberhausen. Vor 60 Zuh\u00f6rern referierte Motschull bei der Mitgliederversammlung des Ortsvereins \u00fcber die neue Koalition in der Oberhausener Kommunalpolitik.<!--more--><\/p>\n<p>Insbesondere Klausurtagungen der Facharbeitskreise der SPD-Fraktion im Rat der Stadt im Januar und begleitende Gespr\u00e4che mit dem Koalitionspartner hinterlassen die Erkenntnis: W\u00e4hrend sich die politischen Parteien in vielen St\u00e4dten des Ruhrgebietes sehr schwer tun, das Ziel konstruktiver Zusammenarbeit zum Wohle ihrer Stadt in den Vordergrund zu stellen, ist der Start in Oberhausen gegl\u00fcckt. Da stelle es f\u00fcr die SPD und die Gr\u00fcnen kein Hindernis dar, nicht \u00fcber Erfahrungen mit Koalitionen vor Ort zu verf\u00fcgen. Folgende Pluspunkte gelten f\u00fcr Oberhausen:<\/p>\n<p>1. Die Parteiprogramme der Partner weisen gr\u00f6\u00dftenteils \u00dcbereinstimmungen auf. Vor allem stimme man \u00fcberein, dass Bildung und Finanzen, Stadtplanung und Klimapolitik, aber eben auch Wirtschaft und Soziales als Schwerpunkte der Arbeit angegangen werden m\u00fcssten.<\/p>\n<p>2. SPD und Gr\u00fcne wissen, dass der Handlungskomplex von Stadtplanung und Klima eine zentrale Zukunftsaufgabe bildet, in der gute Kommunalpolitik aus tragf\u00e4higen Kompromissen bestehen wird. Diese \u00dcberzeugung gibt Motschull gemeinsam mit dem Ortsverein Oberhausen-Ost die Zuversicht, dass die neue rot-gr\u00fcne Koalition in Oberhausen stabil sein und erfolgreich arbeiten wird.<\/p>\n<p>Bei der Mitgliederversammlung wurden folgende <b>Delegierte f\u00fcr die Parteitage<\/b> der Oberhausener SPD gew\u00e4hlt:<\/p>\n<p>Klaus Wehling, Michael Groschek, Roswitha Groschek, Ren? Pascheberg, Horst Wolter, Frank Motschull, Manual Dr\u00f6hne, Dorothee Radtke, Magnus Dellwig, Hans-Georg Po\u00df, Sven Pascheberg, Uly Stroh, Walburga Grunauer, Ingo D\u00e4mgen, Hartwig Kompa, Friedhelm Pascheberg, Erwin Stroh, Anke Eisermann, Nicole Kenzer, Inge Pohl, Corinna Behrends, D\u00f6rte Delberg-Ziepke, Horst Fa\u00dfbender, Klaus Knichel, Harald Schwab, Margit Klein, Katrin Ruge.<\/p>\n<p>Als Ersatzdelegierte wurden gew\u00e4hlt: Erik Fechner, Maximilian Janetzki, Uwe Sch\u00e4fer, Dieter Weishaupt, Christian Borgs, Andreas Werdelmann, Ingrid Savilius, Marc H\u00fcnnemeyer, J\u00fcrgen Schmidt, Hartmut Kaehs, Roland Fitze, Margot Schulz, Ulrike Will, Detlef Eiringhaus, Roswitha Beninde und Udo Alff.<\/p>\n","protected":false},"excerpt":{"rendered":"<p>Eine gute, vertrauensvolle Zusammenarbeit und die klare Orientierung an den wichtigen sachlichen Herausforderungen der kommenden Jahre, so lautet das Fazit von Frank Motschull, Vorsitzender des SPD-Ortsvereins Oberhausen-Ost, \u00fcber die ersten&hellip; <\/p>\n","protected":false},"author":1,"featured_media":0,"comment_status":"closed","ping_status":"closed","sticky":false,"template":"","format":"standard","meta":{"footnotes":""},"categories":[1],"tags":[],"quellen":[],"class_list":["post-750","post","type-post","status-publish","format-standard","hentry","category-allgemein"],"_links":{"self":[{"href":"https:\/\/meier-gerdingh.de\/wp-spd-ob\/wp-json\/wp\/v2\/posts\/750","targetHints":{"allow":["GET"]}}],"collection":[{"href":"https:\/\/meier-gerdingh.de\/wp-spd-ob\/wp-json\/wp\/v2\/posts"}],"about":[{"href":"https:\/\/meier-gerdingh.de\/wp-spd-ob\/wp-json\/wp\/v2\/types\/post"}],"author":[{"embeddable":true,"href":"https:\/\/meier-gerdingh.de\/wp-spd-ob\/wp-json\/wp\/v2\/users\/1"}],"replies":[{"embeddable":true,"href":"https:\/\/meier-gerdingh.de\/wp-spd-ob\/wp-json\/wp\/v2\/comments?post=750"}],"version-history":[{"count":0,"href":"https:\/\/meier-gerdingh.de\/wp-spd-ob\/wp-json\/wp\/v2\/posts\/750\/revisions"}],"wp:attachment":[{"href":"https:\/\/meier-gerdingh.de\/wp-spd-ob\/wp-json\/wp\/v2\/media?parent=750"}],"wp:term":[{"taxonomy":"category","embeddable":true,"href":"https:\/\/meier-gerdingh.de\/wp-spd-ob\/wp-json\/wp\/v2\/categories?post=750"},{"taxonomy":"post_tag","embeddable":true,"href":"https:\/\/meier-gerdingh.de\/wp-spd-ob\/wp-json\/wp\/v2\/tags?post=750"},{"taxonomy":"quellen","embeddable":true,"href":"https:\/\/meier-gerdingh.de\/wp-spd-ob\/wp-json\/wp\/v2\/quellen?post=750"}],"curies":[{"name":"wp","href":"https:\/\/api.w.org\/{rel}","templated":true}]}}