{"id":752,"date":"2010-02-23T17:00:00","date_gmt":"2010-02-23T15:00:00","guid":{"rendered":"http:\/\/www.meier-gerdingh.de\/spd-oberhausen\/wp\/?p=752"},"modified":"2017-05-16T17:13:26","modified_gmt":"2017-05-16T15:13:26","slug":"oberhausener-sozialdemokraten-schlagen-mike-groschek-wieder-als-generalsekretaer-vor","status":"publish","type":"post","link":"https:\/\/meier-gerdingh.de\/wp-spd-ob\/2010\/02\/23\/oberhausener-sozialdemokraten-schlagen-mike-groschek-wieder-als-generalsekretaer-vor\/","title":{"rendered":"Oberhausener Sozialdemokraten schlagen Mike Groschek wieder als Generalsekret\u00e4r vor"},"content":{"rendered":"<div style=\"width: 150px\" class=\"wp-caption alignleft\"><a href=\"http:\/\/meier-gerdingh.de\/wp-spd-ob\/wp-content\/uploads\/groschek_michael_09.jpg\"><img decoding=\"async\" class=\"size-full\" src=\"http:\/\/meier-gerdingh.de\/wp-spd-ob\/wp-content\/uploads\/groschek_michael_09.jpg\" alt=\"Kandidiert wieder zum Generalsekret\u00e4r der NRWSPD: Oberhausens Bundestagsabgeordneter Michael Groschek\" width=\"140\" height=\"186\" \/><\/a><p class=\"wp-caption-text\">Kandidiert wieder zum Generalsekret\u00e4r der NRWSPD: Oberhausens Bundestagsabgeordneter Michael Groschek<\/p><\/div>\n<p>Wenn sich am kommenden Wochenende in Dortmund die SPD-Vertreter aus ganz Nordrhein-Westfalen zu ihrem Parteitag treffen, dann werden sie nicht nur ein Programm zur Landtagswahl beschlie\u00dfen, sondern turnusgem\u00e4\u00df auch den Vorstand neu w\u00e4hlen. Aus Oberhausener Sicht dabei von besonderem Interesse: die Wahl des Generalsekret\u00e4rs. Hier tritt Michael Groschek, der seit dem vergangenen Jahr Oberhausen im Bundestag vertritt, erneut an. Bereits seit 2001 k\u00fcmmert sich Groschek in dieser Rolle um die strategische Ausrichtung und das inhaltliche Profil der NRWSPD.<!--more--><\/p>\n<p>Die einhellige Unterst\u00fctzung der Oberhausener SPD ist ihm sicher, das beschloss der Vorstand in der vergangenen Woche. Ebenso sicher kann auch die Landesvorsitzende und Spitzenkandidatin Hannelore Kraft mit R\u00fcckenwind aus Oberhausen rechnen.<\/p>\n<p>Die Oberhausener SPD wird in Dortmund vertreten durch Parteichef Wolfgang Gro\u00dfe Br\u00f6mer, Oberb\u00fcrgermeister Klaus Wehling, Landtagskandidat Stefan Zimkeit, sowie Kirsten Oberste-Kleinbeck, Karsten Bron, Margit Klein und<br \/>\nLothar Gr\u00fcll.<\/p>\n","protected":false},"excerpt":{"rendered":"<p>Wenn sich am kommenden Wochenende in Dortmund die SPD-Vertreter aus ganz Nordrhein-Westfalen zu ihrem Parteitag treffen, dann werden sie nicht nur ein Programm zur Landtagswahl beschlie\u00dfen, sondern turnusgem\u00e4\u00df auch den&hellip; <\/p>\n","protected":false},"author":1,"featured_media":0,"comment_status":"closed","ping_status":"closed","sticky":false,"template":"","format":"standard","meta":{"footnotes":""},"categories":[1],"tags":[],"quellen":[],"class_list":["post-752","post","type-post","status-publish","format-standard","hentry","category-allgemein"],"_links":{"self":[{"href":"https:\/\/meier-gerdingh.de\/wp-spd-ob\/wp-json\/wp\/v2\/posts\/752","targetHints":{"allow":["GET"]}}],"collection":[{"href":"https:\/\/meier-gerdingh.de\/wp-spd-ob\/wp-json\/wp\/v2\/posts"}],"about":[{"href":"https:\/\/meier-gerdingh.de\/wp-spd-ob\/wp-json\/wp\/v2\/types\/post"}],"author":[{"embeddable":true,"href":"https:\/\/meier-gerdingh.de\/wp-spd-ob\/wp-json\/wp\/v2\/users\/1"}],"replies":[{"embeddable":true,"href":"https:\/\/meier-gerdingh.de\/wp-spd-ob\/wp-json\/wp\/v2\/comments?post=752"}],"version-history":[{"count":0,"href":"https:\/\/meier-gerdingh.de\/wp-spd-ob\/wp-json\/wp\/v2\/posts\/752\/revisions"}],"wp:attachment":[{"href":"https:\/\/meier-gerdingh.de\/wp-spd-ob\/wp-json\/wp\/v2\/media?parent=752"}],"wp:term":[{"taxonomy":"category","embeddable":true,"href":"https:\/\/meier-gerdingh.de\/wp-spd-ob\/wp-json\/wp\/v2\/categories?post=752"},{"taxonomy":"post_tag","embeddable":true,"href":"https:\/\/meier-gerdingh.de\/wp-spd-ob\/wp-json\/wp\/v2\/tags?post=752"},{"taxonomy":"quellen","embeddable":true,"href":"https:\/\/meier-gerdingh.de\/wp-spd-ob\/wp-json\/wp\/v2\/quellen?post=752"}],"curies":[{"name":"wp","href":"https:\/\/api.w.org\/{rel}","templated":true}]}}