{"id":7526,"date":"2020-08-18T08:51:36","date_gmt":"2020-08-18T06:51:36","guid":{"rendered":"https:\/\/meier-gerdingh.de\/wp-spd-ob\/?p=7526"},"modified":"2020-08-19T08:56:03","modified_gmt":"2020-08-19T06:56:03","slug":"bundesarbeitsminister-hubertus-heil-besucht-man-energy-solutions","status":"publish","type":"post","link":"https:\/\/meier-gerdingh.de\/wp-spd-ob\/2020\/08\/18\/bundesarbeitsminister-hubertus-heil-besucht-man-energy-solutions\/","title":{"rendered":"Bundesarbeitsminister Hubertus Heil besucht MAN Energy Solutions"},"content":{"rendered":"<div id=\"attachment_7524\" style=\"width: 710px\" class=\"wp-caption aligncenter\"><a href=\"https:\/\/meier-gerdingh.de\/wp-spd-ob\/wp-content\/uploads\/2020\/08\/hubertus-heil-bei-man-lg.jpg\"><img aria-describedby=\"caption-attachment-7524\" decoding=\"async\" class=\"size-full wp-image-7524\" src=\"https:\/\/meier-gerdingh.de\/wp-spd-ob\/wp-content\/uploads\/2020\/08\/hubertus-heil-bei-man.jpg\" alt=\"\" width=\"700\" height=\"754\" srcset=\"https:\/\/meier-gerdingh.de\/wp-spd-ob\/wp-content\/uploads\/2020\/08\/hubertus-heil-bei-man.jpg 700w, https:\/\/meier-gerdingh.de\/wp-spd-ob\/wp-content\/uploads\/2020\/08\/hubertus-heil-bei-man-279x300.jpg 279w\" sizes=\"(max-width: 700px) 100vw, 700px\" \/><\/a><p id=\"caption-attachment-7524\" class=\"wp-caption-text\">Bundesarbeitsminister Hubertus Heil (links) und der OB-Kandidat der Oberhausener SPD, Thorsten Berg (rechts), haben gemeinsam den Sterkrader Standort von MAN Energy Solutions besucht.<\/p><\/div>\n<p><em>Auf Initiative der Oberhausener SPD hat Bundesarbeitsminister Hubertus Heil am gestrigen Montag den hiesigen Standort von MAN Energy Solutions besucht.<\/em><\/p>\n<p>&#8222;Es liegt ja auf der Hand, dass wir uns um die wichtigen Industriearbeitspl\u00e4tze hier bei MAN sorgen&#8220;, erkl\u00e4rte der OB-Kandidat der SPD, Thorsten Berg. &#8222;Deshalb war es mir wichtig, gemeinsam mit Hubertus Heil hier hinzukommen, um mit den Betriebsr\u00e4ten \u00fcber ihre Sorgen zu diskutieren und auch die Chancen auszuloten, die die Wasserstofftechnologie f\u00fcr die Zukunft des Standortes bietet&#8220;, so Berg.<\/p>\n<p>Und in der Tat hatte Hubertus Heil nach den schlechten Nachrichten der vergangenen Wochen f\u00fcr die Besch\u00e4ftigten am MAN-Standort Positives zu vermelden: &#8222;Die gute Nachricht ist, dass wir mit Beschluss des Konjunkturpaketes endlich auch eine Wasserstoffstrategie der Bundesregierung haben&#8220;, so der Arbeitsminister. Au\u00dferdem sagte Heil dem gebeutelten Standort Unterst\u00fctzung zu.<!--more--><\/p>\n<p>&#8222;Was ich dem Unternehmen und der Belegschaft zusagen kann, ist, dass wir gemeinsam dar\u00fcber reden, wie wir euch mit aktiver Arbeitsmarktpolitik unterst\u00fctzen k\u00f6nnen. Und wenn es darum geht, in anderen Ministerien, die f\u00fcr die Wasserstofftechnologie federf\u00fchrend sind, T\u00fcren zu \u00f6ffnen, dann helfe ich gerne dabei&#8220;, so Heil, der au\u00dferdem erkl\u00e4rte:<\/p>\n<p>&#8222;Wirtschaftlicher Erfolg und soziale Sicherheit geh\u00f6ren zusammen. Daf\u00fcr arbeite ich in der Bundesregierung gemeinsam mit Olaf Scholz. Das Konjunkturpaket und das Instrument der Kurzarbeit helfen, damit Deutschland sicher durch und mit &#8218;Wumms&#8216; aus der Krise kommt. Wirtschaftlicher Erfolg und sozialer Zusammenhalt m\u00fcssen auch in den Kommunen umgesetzt werden. Thorsten Berg hat die richtigen Ideen f\u00fcr Oberhausen, um die heimische Wirtschaft zu st\u00fctzen und Arbeitspl\u00e4tze zu sichern.&#8220;<\/p>\n<p>&#8222;Ich bin Hubertus Heil sehr dankbar, dass er sich die Zeit genommen hat, nach Oberhausen zum MAN-Standort zu kommen&#8220;, so Thorsten Berg. &#8222;Auch wenn die Lage f\u00fcr den Betrieb nach wie vor ernst und der Verlust von Arbeitspl\u00e4tzen bitter ist, wissen wir zumindest, dass man in der Bundesregierung an uns denkt&#8220;, so der OB-Kandidat.<\/p>\n","protected":false},"excerpt":{"rendered":"<p>Auf Initiative der Oberhausener SPD hat Bundesarbeitsminister Hubertus Heil am gestrigen Montag den hiesigen Standort von MAN Energy Solutions besucht. &#8222;Es liegt ja auf der Hand, dass wir uns um&hellip; <\/p>\n","protected":false},"author":1,"featured_media":0,"comment_status":"closed","ping_status":"closed","sticky":false,"template":"","format":"standard","meta":{"footnotes":""},"categories":[174,180,311],"tags":[1075,2378,2469,1450,2357,1750,2422,251,46,2323,2423,15],"quellen":[327],"class_list":["post-7526","post","type-post","status-publish","format-standard","hentry","category-arbeit-und-soziales","category-bund","category-wirtschaft","tag-arbeitsplatzabbau","tag-corona-wirtschaftskrise","tag-hubertus-heil","tag-industriearbeitsplaetze","tag-konjunkturpaket","tag-man","tag-man-energy-solutions-se","tag-ob-kandidat","tag-sterkrade","tag-thorsten-berg","tag-wasserstoff-wirtschaft","tag-wirtschaftsfoerderung","quellen-spd-unterbezirk-oberhausen"],"_links":{"self":[{"href":"https:\/\/meier-gerdingh.de\/wp-spd-ob\/wp-json\/wp\/v2\/posts\/7526","targetHints":{"allow":["GET"]}}],"collection":[{"href":"https:\/\/meier-gerdingh.de\/wp-spd-ob\/wp-json\/wp\/v2\/posts"}],"about":[{"href":"https:\/\/meier-gerdingh.de\/wp-spd-ob\/wp-json\/wp\/v2\/types\/post"}],"author":[{"embeddable":true,"href":"https:\/\/meier-gerdingh.de\/wp-spd-ob\/wp-json\/wp\/v2\/users\/1"}],"replies":[{"embeddable":true,"href":"https:\/\/meier-gerdingh.de\/wp-spd-ob\/wp-json\/wp\/v2\/comments?post=7526"}],"version-history":[{"count":0,"href":"https:\/\/meier-gerdingh.de\/wp-spd-ob\/wp-json\/wp\/v2\/posts\/7526\/revisions"}],"wp:attachment":[{"href":"https:\/\/meier-gerdingh.de\/wp-spd-ob\/wp-json\/wp\/v2\/media?parent=7526"}],"wp:term":[{"taxonomy":"category","embeddable":true,"href":"https:\/\/meier-gerdingh.de\/wp-spd-ob\/wp-json\/wp\/v2\/categories?post=7526"},{"taxonomy":"post_tag","embeddable":true,"href":"https:\/\/meier-gerdingh.de\/wp-spd-ob\/wp-json\/wp\/v2\/tags?post=7526"},{"taxonomy":"quellen","embeddable":true,"href":"https:\/\/meier-gerdingh.de\/wp-spd-ob\/wp-json\/wp\/v2\/quellen?post=7526"}],"curies":[{"name":"wp","href":"https:\/\/api.w.org\/{rel}","templated":true}]}}