{"id":7527,"date":"2020-08-18T08:09:38","date_gmt":"2020-08-18T06:09:38","guid":{"rendered":"https:\/\/meier-gerdingh.de\/wp-spd-ob\/?p=7527"},"modified":"2020-08-22T18:12:39","modified_gmt":"2020-08-22T16:12:39","slug":"start-zweier-talentschulen-in-oberhausen-ist-zu-wenig","status":"publish","type":"post","link":"https:\/\/meier-gerdingh.de\/wp-spd-ob\/2020\/08\/18\/start-zweier-talentschulen-in-oberhausen-ist-zu-wenig\/","title":{"rendered":"Start zweier Talentschulen in Oberhausen ist zu wenig"},"content":{"rendered":"<p><div id=\"attachment_7462\" style=\"width: 310px\" class=\"wp-caption alignleft\"><a href=\"https:\/\/meier-gerdingh.de\/wp-spd-ob\/wp-content\/uploads\/2020\/08\/thorsten-berg-spd-ob-kandidat.jpg\"><img aria-describedby=\"caption-attachment-7462\" decoding=\"async\" src=\"https:\/\/meier-gerdingh.de\/wp-spd-ob\/wp-content\/uploads\/2020\/08\/thorsten-berg-spd-ob-kandidat.jpg\" alt=\"\" width=\"300\" height=\"450\" class=\"size-full wp-image-7462\" srcset=\"https:\/\/meier-gerdingh.de\/wp-spd-ob\/wp-content\/uploads\/2020\/08\/thorsten-berg-spd-ob-kandidat.jpg 300w, https:\/\/meier-gerdingh.de\/wp-spd-ob\/wp-content\/uploads\/2020\/08\/thorsten-berg-spd-ob-kandidat-200x300.jpg 200w\" sizes=\"(max-width: 300px) 100vw, 300px\" \/><\/a><p id=\"caption-attachment-7462\" class=\"wp-caption-text\">Thorsten Berg ist der Oberb\u00fcrgermeister-Kandidat der Oberhausener SPD<\/p><\/div>&#8222;Das ist nicht mehr als ein Tropfen auf den hei\u00dfen Stein&#8220;, kommentiert SPD-Oberb\u00fcrgermeisterkandidat Thorsten Berg den Start von gerade mal zwei so genannten Talentschulen in Oberhausen.<\/p>\n<p>&#8222;Das Hans-Sachs-Berufskolleg und die Fasia-Jansen-Gesamtschule sind in das Landesprogramm aufgenommen worden. F\u00fcr die dortigen Sch\u00fclerinnen und Sch\u00fcler ist es sehr erfreulich, dass sich ihre Schulen in dem landesweiten Auswahlverfahren haben durchsetzen k\u00f6nnen, f\u00fcr die anderen Schulen ist es jedoch eine Entt\u00e4uschung&#8220;, sagt Berg zum Auftakt des neuen Schuljahrs.<!--more--><\/p>\n<h3 class=\"spd-ob-crossheading\">Zimkeit: Talente f\u00f6rdern<\/h3>\n<p>Auch der Oberhausener Landtagsabgeordnete Stefan Zimkeit sieht massive Defizite bei der Auswahl der Schulen. &#8222;Alle anderen Oberhausener Schulen sind leer ausgegangen. An allen Schulen gibt es Talente \u2013 und jedes Kind hat das Recht, dass seine Talente gef\u00f6rdert werden&#8220;, kritisiert Stefan Zimkeit die CDU-FDP-Landesregierung f\u00fcr ihre Beschl\u00fcsse.<\/p>\n<p>Zimkeit fordert die Landesregierung auf, s\u00e4mtliche Schulen besonders zu f\u00f6rdern, die in sozial benachteiligten Stadtvierteln liegen. <\/p>\n<p>&#8222;Hier sehen sich die Lehrkr\u00e4fte gro\u00dfen Herausforderungen ausgesetzt, und gleichzeitig sind diese Schulen besonders h\u00e4ufig von einschneidendem Lehrermangel betroffen. Das muss sich \u00e4ndern. Die Wirklichkeit an vielen Schulen in Ruhrgebietskommunen sieht nun mal anders aus, als an Schulen in zum Beispiel in Ostwestfalen&#8220;, so der Sozialdemokrat. &#8222;Die Personalausstattung einer Schule muss objektiven Kriterien gen\u00fcgen, wozu insbesondere ein Sozialindex geh\u00f6rt.&#8220;<\/p>\n","protected":false},"excerpt":{"rendered":"<p>&#8222;Das ist nicht mehr als ein Tropfen auf den hei\u00dfen Stein&#8220;, kommentiert SPD-Oberb\u00fcrgermeisterkandidat Thorsten Berg den Start von gerade mal zwei so genannten Talentschulen in Oberhausen. &#8222;Das Hans-Sachs-Berufskolleg und die&hellip; <\/p>\n","protected":false},"author":1,"featured_media":0,"comment_status":"closed","ping_status":"closed","sticky":false,"template":"","format":"standard","meta":{"footnotes":""},"categories":[231,216,2],"tags":[1002,2152,1801,251,1555,2470,1379,2151,2323],"quellen":[327],"class_list":["post-7527","post","type-post","status-publish","format-standard","hentry","category-bildung","category-land","category-schule","tag-fasia-jansen-gesamtschule","tag-hans-sachs-berufskolleg","tag-lehrermangel","tag-ob-kandidat","tag-ruhrgebietsstaedte","tag-schuljahresbeginn","tag-sozialindex","tag-talentschulen","tag-thorsten-berg","quellen-spd-unterbezirk-oberhausen"],"_links":{"self":[{"href":"https:\/\/meier-gerdingh.de\/wp-spd-ob\/wp-json\/wp\/v2\/posts\/7527","targetHints":{"allow":["GET"]}}],"collection":[{"href":"https:\/\/meier-gerdingh.de\/wp-spd-ob\/wp-json\/wp\/v2\/posts"}],"about":[{"href":"https:\/\/meier-gerdingh.de\/wp-spd-ob\/wp-json\/wp\/v2\/types\/post"}],"author":[{"embeddable":true,"href":"https:\/\/meier-gerdingh.de\/wp-spd-ob\/wp-json\/wp\/v2\/users\/1"}],"replies":[{"embeddable":true,"href":"https:\/\/meier-gerdingh.de\/wp-spd-ob\/wp-json\/wp\/v2\/comments?post=7527"}],"version-history":[{"count":0,"href":"https:\/\/meier-gerdingh.de\/wp-spd-ob\/wp-json\/wp\/v2\/posts\/7527\/revisions"}],"wp:attachment":[{"href":"https:\/\/meier-gerdingh.de\/wp-spd-ob\/wp-json\/wp\/v2\/media?parent=7527"}],"wp:term":[{"taxonomy":"category","embeddable":true,"href":"https:\/\/meier-gerdingh.de\/wp-spd-ob\/wp-json\/wp\/v2\/categories?post=7527"},{"taxonomy":"post_tag","embeddable":true,"href":"https:\/\/meier-gerdingh.de\/wp-spd-ob\/wp-json\/wp\/v2\/tags?post=7527"},{"taxonomy":"quellen","embeddable":true,"href":"https:\/\/meier-gerdingh.de\/wp-spd-ob\/wp-json\/wp\/v2\/quellen?post=7527"}],"curies":[{"name":"wp","href":"https:\/\/api.w.org\/{rel}","templated":true}]}}