{"id":754,"date":"2010-02-25T17:00:00","date_gmt":"2010-02-25T15:00:00","guid":{"rendered":"http:\/\/www.meier-gerdingh.de\/spd-oberhausen\/wp\/?p=754"},"modified":"2017-05-16T17:12:28","modified_gmt":"2017-05-16T15:12:28","slug":"jusos-unterstuetzen-protest-gegen-schlecker","status":"publish","type":"post","link":"https:\/\/meier-gerdingh.de\/wp-spd-ob\/2010\/02\/25\/jusos-unterstuetzen-protest-gegen-schlecker\/","title":{"rendered":"Jusos unterst\u00fctzen Protest gegen Schlecker"},"content":{"rendered":"<p><a href=\"http:\/\/meier-gerdingh.de\/wp-spd-ob\/wp-content\/uploads\/logo_jusos_oberhausen.gif\"><img decoding=\"async\" class=\"size-full alignleft\" src=\"http:\/\/meier-gerdingh.de\/wp-spd-ob\/wp-content\/uploads\/logo_jusos_oberhausen.gif\" alt=\"\" width=\"189\" height=\"104\" \/><\/a>Am kommenden Freitag, den 26.02.2010, soll in der Sterkrader City eine Schlecker-XL Filiale er\u00f6ffnen. In diesem Rahmen wird es einen von Schlecker-Mitarbeitern und der Gewerkschaft ver.di organisierten Protest gegen Tarifflucht und Lohndumping geben. Die Oberhausener Jusos unterst\u00fctzen diesen Protest ausdr\u00fccklich und rufen zum Boykott des Schlecker-XL Marktes auf.<!--more--><\/p>\n<p>Juso-Vorstandsmitglied Maurizio Graw erkl\u00e4rt hierzu: &#8222;Schlecker schafft es seit Jahren erfolgreich, seine Mitarbeiterinnen und Mitarbeiter in Arbeitnehmerrechten massiv zu beschneiden. Die Gr\u00fcndung der XL-Gesellschaft ist ein erneuter Vorsto\u00df, um Tarifl\u00f6hne zu umgehen und den Mitarbeitern ihre Rechte zu nehmen. Folgerichtig sollte man Schlecker boykottieren und dort einkaufen, wo Arbeitnehmerrechte akzeptiert werden und Mitarbeiter anst\u00e4ndig entlohnt werden.&#8220;<\/p>\n<p>Die Jusos schlie\u00dfen sich auch den Forderungen der Gewerkschaft ver.di an. Danach sollen die Besch\u00e4ftigten der kleinen L\u00e4den \u00fcbernommen werden und Tarifvertr\u00e4ge und Betriebsr\u00e4te von Schlecker anerkannt werden.<\/p>\n<p>Zum Hintergrund:<\/p>\n<p>Die Er\u00f6ffnung von XL-M\u00e4rkten f\u00fchrt zur Schlie\u00dfung s\u00e4mtlicher kleinerer Schleckergesch\u00e4fte in der Umgebung. Eine Vielzahl der Besch\u00e4ftigten verliert dementsprechend ihren Arbeitsplatz, ohne dass es einen Sozialplan gibt. Ein solcher wird von Schlecker verweigert.<\/p>\n<p>Die Besch\u00e4ftigten im XL-Markt geh\u00f6ren der eigens von Schlecker gegr\u00fcndeten XL-Gesellschaft an. Dort gibt es keine Tarifl\u00f6hne, l\u00e4ngere Arbeitszeiten, weniger Urlaub, keine Zuschl\u00e4ge f\u00fcr \u00dcberst\u00fcnden und sp\u00e4te Arbeit, sowie kein Urlaubs- und Weihnachtsgeld. Auch Betriebsr\u00e4te werden bisher nicht akzeptiert.<\/p>\n<p>Konkrete Informationen zu den XL-M\u00e4rkten und der Protestaktion sind unter <a href=\"http:\/\/muelheim-oberhausen.verdi.de\/aktuelles\/schlecker_aktion\" target=\"_blank\" rel=\"noopener noreferrer\">http:\/\/muelheim-oberhausen.verdi.de\/aktuelles\/schlecker_aktion<\/a> einzusehen.<\/p>\n","protected":false},"excerpt":{"rendered":"<p>Am kommenden Freitag, den 26.02.2010, soll in der Sterkrader City eine Schlecker-XL Filiale er\u00f6ffnen. In diesem Rahmen wird es einen von Schlecker-Mitarbeitern und der Gewerkschaft ver.di organisierten Protest gegen Tarifflucht&hellip; <\/p>\n","protected":false},"author":1,"featured_media":0,"comment_status":"closed","ping_status":"closed","sticky":false,"template":"","format":"standard","meta":{"footnotes":""},"categories":[1],"tags":[],"quellen":[],"class_list":["post-754","post","type-post","status-publish","format-standard","hentry","category-allgemein"],"_links":{"self":[{"href":"https:\/\/meier-gerdingh.de\/wp-spd-ob\/wp-json\/wp\/v2\/posts\/754","targetHints":{"allow":["GET"]}}],"collection":[{"href":"https:\/\/meier-gerdingh.de\/wp-spd-ob\/wp-json\/wp\/v2\/posts"}],"about":[{"href":"https:\/\/meier-gerdingh.de\/wp-spd-ob\/wp-json\/wp\/v2\/types\/post"}],"author":[{"embeddable":true,"href":"https:\/\/meier-gerdingh.de\/wp-spd-ob\/wp-json\/wp\/v2\/users\/1"}],"replies":[{"embeddable":true,"href":"https:\/\/meier-gerdingh.de\/wp-spd-ob\/wp-json\/wp\/v2\/comments?post=754"}],"version-history":[{"count":0,"href":"https:\/\/meier-gerdingh.de\/wp-spd-ob\/wp-json\/wp\/v2\/posts\/754\/revisions"}],"wp:attachment":[{"href":"https:\/\/meier-gerdingh.de\/wp-spd-ob\/wp-json\/wp\/v2\/media?parent=754"}],"wp:term":[{"taxonomy":"category","embeddable":true,"href":"https:\/\/meier-gerdingh.de\/wp-spd-ob\/wp-json\/wp\/v2\/categories?post=754"},{"taxonomy":"post_tag","embeddable":true,"href":"https:\/\/meier-gerdingh.de\/wp-spd-ob\/wp-json\/wp\/v2\/tags?post=754"},{"taxonomy":"quellen","embeddable":true,"href":"https:\/\/meier-gerdingh.de\/wp-spd-ob\/wp-json\/wp\/v2\/quellen?post=754"}],"curies":[{"name":"wp","href":"https:\/\/api.w.org\/{rel}","templated":true}]}}