{"id":7541,"date":"2020-08-20T16:20:58","date_gmt":"2020-08-20T14:20:58","guid":{"rendered":"https:\/\/meier-gerdingh.de\/wp-spd-ob\/?p=7541"},"modified":"2020-08-20T16:23:59","modified_gmt":"2020-08-20T14:23:59","slug":"baustellenmanagement-der-stadt-ist-katastrophal","status":"publish","type":"post","link":"https:\/\/meier-gerdingh.de\/wp-spd-ob\/2020\/08\/20\/baustellenmanagement-der-stadt-ist-katastrophal\/","title":{"rendered":"Baustellenmanagement der Stadt ist katastrophal"},"content":{"rendered":"<div id=\"attachment_7539\" style=\"width: 710px\" class=\"wp-caption aligncenter\"><a href=\"https:\/\/meier-gerdingh.de\/wp-spd-ob\/wp-content\/uploads\/2020\/08\/thorsten-berg-vestische-strasse-lg.jpg\"><img aria-describedby=\"caption-attachment-7539\" decoding=\"async\" class=\"size-full wp-image-7539\" src=\"https:\/\/meier-gerdingh.de\/wp-spd-ob\/wp-content\/uploads\/2020\/08\/thorsten-berg-vestische-strasse.jpg\" alt=\"\" width=\"700\" height=\"700\" srcset=\"https:\/\/meier-gerdingh.de\/wp-spd-ob\/wp-content\/uploads\/2020\/08\/thorsten-berg-vestische-strasse.jpg 700w, https:\/\/meier-gerdingh.de\/wp-spd-ob\/wp-content\/uploads\/2020\/08\/thorsten-berg-vestische-strasse-300x300.jpg 300w, https:\/\/meier-gerdingh.de\/wp-spd-ob\/wp-content\/uploads\/2020\/08\/thorsten-berg-vestische-strasse-150x150.jpg 150w, https:\/\/meier-gerdingh.de\/wp-spd-ob\/wp-content\/uploads\/2020\/08\/thorsten-berg-vestische-strasse-330x330.jpg 330w\" sizes=\"(max-width: 700px) 100vw, 700px\" \/><\/a><p id=\"caption-attachment-7539\" class=\"wp-caption-text\">Der OB-Kandidat Thorsten Berg an der gesperrten Vestischen Stra\u00dfe. Hier lief die Kommunikation mit den B\u00fcrgerinnen und B\u00fcrgern v\u00f6llig unzureichend.<\/p><\/div>\n<p>&#8222;Wenn man es ironisch ausdr\u00fcckt, k\u00f6nnte man sagen: Die Stadtverwaltung macht gerade beste Werbung daf\u00fcr, das Auto stehen zu lassen&#8220;, beurteilt Thorsten Berg, OB-Kandidat der Oberhausener SPD, die aktuelle Baustellensituation in der Stadt. &#8222;Doch leider ist den meisten Menschen, die auf das Auto angewiesen sind, das Lachen l\u00e4ngst vergangen.&#8220;<\/p>\n<p>Ob n\u00f6rdlich oder s\u00fcdlich des Kanals: Baustellen sorgen derzeit in Oberhausen f\u00fcr jede Menge \u00c4rger. &#8222;Es steht nat\u00fcrlich au\u00dfer Frage, dass notwendige Bauarbeiten erledigt werden und dass wir unsere Infrastruktur in Schuss halten m\u00fcssen&#8220;, erkl\u00e4rt Ulrich Real, planungspolitischer Sprecher der sozialdemokratischen Ratsfraktion. &#8222;Aber bei der Einrichtung der Baustellen fehlt jegliche Koordination, die Information ist oft unzureichend, und das m\u00fcssen die Verkehrsteilnehmerinnen und -teilnehmer gerade t\u00e4glich ausbaden.&#8220;<!--more--><\/p>\n<h3 class=\"spd-ob-crossheading\">&#8222;Chaos im Norden<\/h3>\n<p>Dies zeige sich nicht nur an den zahlreichen Staus \u00fcberall im Stadtgebiet; eine kleine Anfrage des Stadtverordneten Klaus K\u00f6sling zu Stra\u00dfenbaustellen im Norden der Stadt macht die Probleme deutlich: Die Erlenstra\u00dfe bleibt wegen Arbeiten im Zusammenhang mit dem Bau des Edeka-Lagers laut Plan bis Ende des Jahres gesperrt. Die Kanalbauarbeiten an der Bahnstra\u00dfe, die seit Mitte Mai laufen, haben sich verl\u00e4ngert: Hier geht die Stadt nun von einer Bauzeit bis ins erste Quartal des kommenden Jahres aus.<\/p>\n<h3 class=\"spd-ob-crossheading\">Vollsperrung in Osterfeld<\/h3>\n<p>Doch nicht nur im Norden der Stadt rumort es rund um die Stra\u00dfenbaustellen gewaltig. Beispiel Osterfeld: Hier sorgt unter anderem die pl\u00f6tzliche Vollsperrung der Vestischen Stra\u00dfe f\u00fcr Unmut. Dort wird nach Kampfmitteln gesucht, die Verwaltung rechnet mit einer f\u00fcnfw\u00f6chigen Sperrung.<\/p>\n<p>&#8222;Das sind nat\u00fcrlich Arbeiten, die erledigt werden m\u00fcssen, aber die Kommunikation war einmal mehr mangelhaft&#8220;, r\u00fcgt Osterfelds Bezirksb\u00fcrgermeister Thomas Krey. &#8222;Eine d\u00fcnne Meldung \u00fcber den Facebook-Auftritt der Stadt am selben Tag, an dem die Stra\u00dfe gesperrt wird, ist einfach nicht b\u00fcrgerfreundlich. Die Anwohner wurden nicht im Vorfeld informiert, die Bezirksvertretung ebenfalls nicht&#8220;, so Krey. &#8222;Zumal in unmittelbarer N\u00e4he die Fahrnhorststra\u00dfe wegen einer weiteren Baustelle auch noch verengt ist. Anwohner haben schon von Bauarbeitern geh\u00f6rt, dass die Stra\u00dfe &#8218;An der H\u00fcttenbahn&#8216; vielleicht auch noch gesperrt werden m\u00fcsse. Es brodelt&#8220;, so der Bezirksb\u00fcrgermeister.<\/p>\n<h3 class=\"spd-ob-crossheading\">Mangelhafte Informationspolitik<\/h3>\n<p>&#8222;Mangelhafte Informationspolitik und ein unzureichendes Baustellenmanagement finden sich praktisch im gesamten Stadtgebiet wieder&#8220;, so Thorsten Berg, &#8222;die Stra\u00dfe Heiderh\u00f6fen in Alstaden ist nur ein weiteres von vielen Beispielen.&#8220; Dies sei nicht nur \u00e4rgerlich f\u00fcr diejenigen, die im Stau ihre Zeit vergeuden. &#8222;F\u00fcr Unternehmen, die auf die gute Erreichbarkeit ihres Gewerbes angewiesen sind, ist schlechtes Baustellenmanagement schlicht existenzbedrohend&#8220;, hat Thorsten Berg in Gespr\u00e4chen erfahren. &#8222;Hier muss Oberhausen, muss die Verwaltung viel besser werden, ganz klar.&#8220;<\/p>\n","protected":false},"excerpt":{"rendered":"<p>&#8222;Wenn man es ironisch ausdr\u00fcckt, k\u00f6nnte man sagen: Die Stadtverwaltung macht gerade beste Werbung daf\u00fcr, das Auto stehen zu lassen&#8220;, beurteilt Thorsten Berg, OB-Kandidat der Oberhausener SPD, die aktuelle Baustellensituation&hellip; <\/p>\n","protected":false},"author":1,"featured_media":0,"comment_status":"closed","ping_status":"closed","sticky":false,"template":"","format":"standard","meta":{"footnotes":""},"categories":[27,311],"tags":[2477,2473,235,2481,2476,2478,251,1028,2474,2480,2323,2479,2475],"quellen":[327],"class_list":["post-7541","post","type-post","status-publish","format-standard","hentry","category-planen-bauen-wohnen-verkehr","category-wirtschaft","tag-bahnstrasse","tag-baustellen","tag-baustellenmanagement","tag-buergerinformation","tag-erlenstrasse","tag-heiderhoefen","tag-ob-kandidat","tag-stadtverwaltung","tag-staus","tag-strassensperrungen","tag-thorsten-berg","tag-unternehmen","tag-vestische-strasse","quellen-spd-unterbezirk-oberhausen"],"_links":{"self":[{"href":"https:\/\/meier-gerdingh.de\/wp-spd-ob\/wp-json\/wp\/v2\/posts\/7541","targetHints":{"allow":["GET"]}}],"collection":[{"href":"https:\/\/meier-gerdingh.de\/wp-spd-ob\/wp-json\/wp\/v2\/posts"}],"about":[{"href":"https:\/\/meier-gerdingh.de\/wp-spd-ob\/wp-json\/wp\/v2\/types\/post"}],"author":[{"embeddable":true,"href":"https:\/\/meier-gerdingh.de\/wp-spd-ob\/wp-json\/wp\/v2\/users\/1"}],"replies":[{"embeddable":true,"href":"https:\/\/meier-gerdingh.de\/wp-spd-ob\/wp-json\/wp\/v2\/comments?post=7541"}],"version-history":[{"count":0,"href":"https:\/\/meier-gerdingh.de\/wp-spd-ob\/wp-json\/wp\/v2\/posts\/7541\/revisions"}],"wp:attachment":[{"href":"https:\/\/meier-gerdingh.de\/wp-spd-ob\/wp-json\/wp\/v2\/media?parent=7541"}],"wp:term":[{"taxonomy":"category","embeddable":true,"href":"https:\/\/meier-gerdingh.de\/wp-spd-ob\/wp-json\/wp\/v2\/categories?post=7541"},{"taxonomy":"post_tag","embeddable":true,"href":"https:\/\/meier-gerdingh.de\/wp-spd-ob\/wp-json\/wp\/v2\/tags?post=7541"},{"taxonomy":"quellen","embeddable":true,"href":"https:\/\/meier-gerdingh.de\/wp-spd-ob\/wp-json\/wp\/v2\/quellen?post=7541"}],"curies":[{"name":"wp","href":"https:\/\/api.w.org\/{rel}","templated":true}]}}