{"id":7544,"date":"2020-08-19T16:53:22","date_gmt":"2020-08-19T14:53:22","guid":{"rendered":"https:\/\/meier-gerdingh.de\/wp-spd-ob\/?p=7544"},"modified":"2020-08-24T18:03:43","modified_gmt":"2020-08-24T16:03:43","slug":"spd-laedt-ein-zur-radtour-durch-osterfeld","status":"publish","type":"post","link":"https:\/\/meier-gerdingh.de\/wp-spd-ob\/2020\/08\/19\/spd-laedt-ein-zur-radtour-durch-osterfeld\/","title":{"rendered":"SPD l\u00e4dt ein zur Radtour durch Osterfeld"},"content":{"rendered":"<p>Der Ortsverein Osterfeld der SPD l\u00e4dt alle Fahrradfreundinnen und -freunde ein, am Samstag, 22. August, ab 13.00 Uhr, durch Osterfeld zu fahren. Gemeinsam mit unserem OB Kandidaten Thorsten Berg starten wir um 13.00 Uhr auf dem Marktplatz Osterfeld am Bistro.<!--more--><\/p>\n<p>Von dort f\u00fchrt der Weg \u00fcber die OLGA am Kanal entlang zur Burg Vondern. Weiter geht es dann zum Revierpark und \u00fcber den Golfplatz zum Tackenberg. <\/p>\n<p>Enden wird die Radtour am Falkentreff an der Richard-Dehmel-Stra\u00dfe. Dort besteht dann noch die Gelegenheit zu intensiven Gespr\u00e4chen mit unseren Kandidatinnen und Kandidaten.<\/p>\n<p>Um Anmeldung unter 01577 19 00 565 oder helga.grothe@gmx.de wird gebeten.<\/p>\n","protected":false},"excerpt":{"rendered":"<p>Der Ortsverein Osterfeld der SPD l\u00e4dt alle Fahrradfreundinnen und -freunde ein, am Samstag, 22. August, ab 13.00 Uhr, durch Osterfeld zu fahren. Gemeinsam mit unserem OB Kandidaten Thorsten Berg starten&hellip; <\/p>\n","protected":false},"author":1,"featured_media":0,"comment_status":"closed","ping_status":"closed","sticky":false,"template":"","format":"standard","meta":{"footnotes":""},"categories":[167,171],"tags":[2483,41],"quellen":[339],"class_list":["post-7544","post","type-post","status-publish","format-standard","hentry","category-stadtteile","category-veranstaltungen","tag-fahrradtour","tag-osterfeld","quellen-ov-osterfeld"],"_links":{"self":[{"href":"https:\/\/meier-gerdingh.de\/wp-spd-ob\/wp-json\/wp\/v2\/posts\/7544","targetHints":{"allow":["GET"]}}],"collection":[{"href":"https:\/\/meier-gerdingh.de\/wp-spd-ob\/wp-json\/wp\/v2\/posts"}],"about":[{"href":"https:\/\/meier-gerdingh.de\/wp-spd-ob\/wp-json\/wp\/v2\/types\/post"}],"author":[{"embeddable":true,"href":"https:\/\/meier-gerdingh.de\/wp-spd-ob\/wp-json\/wp\/v2\/users\/1"}],"replies":[{"embeddable":true,"href":"https:\/\/meier-gerdingh.de\/wp-spd-ob\/wp-json\/wp\/v2\/comments?post=7544"}],"version-history":[{"count":0,"href":"https:\/\/meier-gerdingh.de\/wp-spd-ob\/wp-json\/wp\/v2\/posts\/7544\/revisions"}],"wp:attachment":[{"href":"https:\/\/meier-gerdingh.de\/wp-spd-ob\/wp-json\/wp\/v2\/media?parent=7544"}],"wp:term":[{"taxonomy":"category","embeddable":true,"href":"https:\/\/meier-gerdingh.de\/wp-spd-ob\/wp-json\/wp\/v2\/categories?post=7544"},{"taxonomy":"post_tag","embeddable":true,"href":"https:\/\/meier-gerdingh.de\/wp-spd-ob\/wp-json\/wp\/v2\/tags?post=7544"},{"taxonomy":"quellen","embeddable":true,"href":"https:\/\/meier-gerdingh.de\/wp-spd-ob\/wp-json\/wp\/v2\/quellen?post=7544"}],"curies":[{"name":"wp","href":"https:\/\/api.w.org\/{rel}","templated":true}]}}