{"id":755,"date":"2010-02-26T17:00:00","date_gmt":"2010-02-26T15:00:00","guid":{"rendered":"http:\/\/www.meier-gerdingh.de\/spd-oberhausen\/wp\/?p=755"},"modified":"2017-05-16T17:12:04","modified_gmt":"2017-05-16T15:12:04","slug":"stephan-bramorski-ist-neuer-vorsitzender","status":"publish","type":"post","link":"https:\/\/meier-gerdingh.de\/wp-spd-ob\/2010\/02\/26\/stephan-bramorski-ist-neuer-vorsitzender\/","title":{"rendered":"Stephan Bramorski ist neuer Vorsitzender"},"content":{"rendered":"<p><a href=\"http:\/\/meier-gerdingh.de\/wp-spd-ob\/wp-content\/uploads\/logo_jusos_oberhausen.gif\"><img decoding=\"async\" class=\"size-full alignleft\" src=\"http:\/\/meier-gerdingh.de\/wp-spd-ob\/wp-content\/uploads\/logo_jusos_oberhausen.gif\" alt=\"\" width=\"189\" height=\"104\" \/><\/a>Die Juso Unterbezirkskonferenz am Freitag, den 19.02.2010 war ein voller Erfolg. Stephan Bramorski ist mit gro\u00dfer Mehrheit zum Vorsitzenden gew\u00e4hlt worden und Sven Pascheberg zu seinem Stellvertreter. Weitere Vorstandsmitglieder sind Bj\u00f6rn Patzke (Finanzreferent), Maurizio Graw, Janine Hemmers und Abigail Suwala (alle drei Beisitzer).<!--more--><\/p>\n<p>Landtagskandidat Stefan Zimkeit hat zu Anfang der Sitzung die Jusos auf den Wahlkampf eingeschworen. Die wichtigsten Teile seiner Vorstellung waren die Schwerpunkte, die er f\u00fcr Oberhausen im Wahlkampf vertreten wird.<\/p>\n<p>Diese Schwerpunkte sind: Gute und sichere Arbeit, f\u00fcr ein gerechtes Bildungssystem zu k\u00e4mpfen und die kommunalen Finanzen zu verbessern. Dazu bestand aus der Sicht der Jusos Oberhausen noch inhaltlicher Diskussionsbedarf.<\/p>\n<p>Hierzu erkl\u00e4rt Stephan Bramorski &#8222;Die Schwerpunkte sind f\u00fcr Oberhausen gut gew\u00e4hlt. Hier hat die Chaostruppe-R\u00fcttgers die meisten Fehler begangen. Wir werden unsere Konzepte mit Stefan Zimkeit und Wolfgang Gro\u00dfe Br\u00f6mer zusammen im Wahlkampf in den Vordergrund stellen. Dies bedeutet: Sichere Arbeitspl\u00e4tze, ein gerechtes und kostenloses Bildungssystem und die finanzielle Unterst\u00fctzung der Kommunen.&#8220;<\/p>\n<p>Die Konferenz war insgesamt ein voller Erfolg, da die Stimmung innerhalb der Jusos sehr gut ist. Die Jusos Oberhausen werden den jugendlichen Teil des Wahlkampfes darstellen. Nur mit einer starken NRWSPD und Kandidaten wie Stefan Zimkeit und Wolfgang Gro\u00dfe Br\u00f6mer kann Nordrhein-Westfalen wieder zu einer sozialen und gerechten Landesregierung kommen.<\/p>\n","protected":false},"excerpt":{"rendered":"<p>Die Juso Unterbezirkskonferenz am Freitag, den 19.02.2010 war ein voller Erfolg. Stephan Bramorski ist mit gro\u00dfer Mehrheit zum Vorsitzenden gew\u00e4hlt worden und Sven Pascheberg zu seinem Stellvertreter. Weitere Vorstandsmitglieder sind&hellip; <\/p>\n","protected":false},"author":1,"featured_media":0,"comment_status":"closed","ping_status":"closed","sticky":false,"template":"","format":"standard","meta":{"footnotes":""},"categories":[1],"tags":[],"quellen":[],"class_list":["post-755","post","type-post","status-publish","format-standard","hentry","category-allgemein"],"_links":{"self":[{"href":"https:\/\/meier-gerdingh.de\/wp-spd-ob\/wp-json\/wp\/v2\/posts\/755","targetHints":{"allow":["GET"]}}],"collection":[{"href":"https:\/\/meier-gerdingh.de\/wp-spd-ob\/wp-json\/wp\/v2\/posts"}],"about":[{"href":"https:\/\/meier-gerdingh.de\/wp-spd-ob\/wp-json\/wp\/v2\/types\/post"}],"author":[{"embeddable":true,"href":"https:\/\/meier-gerdingh.de\/wp-spd-ob\/wp-json\/wp\/v2\/users\/1"}],"replies":[{"embeddable":true,"href":"https:\/\/meier-gerdingh.de\/wp-spd-ob\/wp-json\/wp\/v2\/comments?post=755"}],"version-history":[{"count":0,"href":"https:\/\/meier-gerdingh.de\/wp-spd-ob\/wp-json\/wp\/v2\/posts\/755\/revisions"}],"wp:attachment":[{"href":"https:\/\/meier-gerdingh.de\/wp-spd-ob\/wp-json\/wp\/v2\/media?parent=755"}],"wp:term":[{"taxonomy":"category","embeddable":true,"href":"https:\/\/meier-gerdingh.de\/wp-spd-ob\/wp-json\/wp\/v2\/categories?post=755"},{"taxonomy":"post_tag","embeddable":true,"href":"https:\/\/meier-gerdingh.de\/wp-spd-ob\/wp-json\/wp\/v2\/tags?post=755"},{"taxonomy":"quellen","embeddable":true,"href":"https:\/\/meier-gerdingh.de\/wp-spd-ob\/wp-json\/wp\/v2\/quellen?post=755"}],"curies":[{"name":"wp","href":"https:\/\/api.w.org\/{rel}","templated":true}]}}