{"id":7552,"date":"2020-08-22T16:20:52","date_gmt":"2020-08-22T14:20:52","guid":{"rendered":"https:\/\/meier-gerdingh.de\/wp-spd-ob\/?p=7552"},"modified":"2020-08-24T17:14:01","modified_gmt":"2020-08-24T15:14:01","slug":"spd-sterkrade-nord-laedt-ein-zur-radtour-mit-den-kandidaten-zu-kommunalwahl","status":"publish","type":"post","link":"https:\/\/meier-gerdingh.de\/wp-spd-ob\/2020\/08\/22\/spd-sterkrade-nord-laedt-ein-zur-radtour-mit-den-kandidaten-zu-kommunalwahl\/","title":{"rendered":"SPD Sterkrade-Nord l\u00e4dt ein zur Radtour mit den Kandidaten zu Kommunalwahl"},"content":{"rendered":"<p>Zu einer Radtour durch K\u00f6nigshardt, die Walsumer Mark und Schmachtendorf l\u00e4dt der SPD-Ortsverein Sterkrade-Nord ein. Wahlweise kann man mitradeln oder aber an Haltepunkten der Radtour mit den Kandidatinnen Ursula Augenstein und Saskia Fischer sowie den Kandidaten Karl-Heinz M\u00fcller und Ulrich Real ins Gespr\u00e4ch kommen. Als besonderer Gast wird auch der Oberb\u00fcrgermeisterkandidat Thorsten Berg mit aufs Rad steigen und f\u00fcr alle Fragen zur Verf\u00fcgung stehen.<\/p>\n<p>Die Radtour beginnt am Freitag, 28. August, um 16 Uhr am Nordfriedhof. Von da aus geht es \u00fcber etliche Stationen mit den dazugeh\u00f6rigen Informationen durch die drei Ortsteile.<\/p>\n<p>Die letzte Station wird der Schmachtendorfer Kochpott sein. Hier endet die Tour gegen 20.15 Uhr bei einem Imbiss und weiteren Gespr\u00e4chen.<!--more--><\/p>\n<table class=\"kw-2020-table\">\n<tr>\n<th>Uhrzeit<\/th>\n<th>Station<\/th>\n<th>Besonderheiten<\/th>\n<\/tr>\n<tr>\n<td style=\"width: 15%;\">16.00 Uhr<\/td>\n<td>Start am Nordfriedhof<\/td>\n<td>1. Verm\u00fcllung durch Containerstandorte<br \/>2. Parkplatz in schlechtem Zustand<\/td>\n<\/tr>\n<tr>\n<td>16.15 Uhr<\/td>\n<td>Falkestra\u00dfe<\/td>\n<td>1. Neubau Ger\u00e4tehaus K\u00f6nigshardt<br \/>2. Bebauung ehemaliger Friedhof<\/td>\n<\/tr>\n<tr>\n<td>16.30 Uhr<\/td>\n<td>Kath. Kirche St. Barbara<\/td>\n<td>Fortf\u00fchrung der kommunal unterst\u00fctzten Jugendarbeit &#8222;Freiraum&#8220;<\/td>\n<\/tr>\n<tr>\n<td>16.40 Uhr<\/td>\n<td>Hartmannstra\u00dfe<\/td>\n<td>Notwendiger Parkstreifen<\/td>\n<\/tr>\n<tr>\n<td>17.10 Uhr<\/td>\n<td>Im Quellgrund<\/td>\n<td>Realisierung einer Gr\u00fcnverbindung bis nach Schmachtendorf-Mitte<\/td>\n<\/tr>\n<tr>\n<td>17.25 Uhr<\/td>\n<td>T\u00fcsselstra\u00dfe<\/td>\n<td>Stra\u00dfe in sehr schlechtem Zustand<\/td>\n<\/tr>\n<tr>\n<td>17.40 Uhr<\/td>\n<td>St. Theresia<\/td>\n<td>Aufgabe der kath. Kirche St. Theresia<\/td>\n<\/tr>\n<tr>\n<td>17.50 Uhr<\/td>\n<td>Zur alten Hardt<\/td>\n<td>Pause, Gespr\u00e4che, Bier<\/td>\n<\/tr>\n<tr>\n<td>18.30 Uhr<\/td>\n<td>Gabelstra\u00dfe<\/td>\n<td>Neuer Standort der WBO, Wertstoffhof<\/td>\n<\/tr>\n<tr>\n<td>18.50 Uhr<\/td>\n<td>Ehem. Kirche Kempkesstra\u00dfe<\/td>\n<td>Umbau zu einem Kultur-, Ortsteilzentrum<\/td>\n<\/tr>\n<tr>\n<td>19.10 Uhr<\/td>\n<td>Dudeler Stra\u00dfe<\/td>\n<td>Umbau Dudeler Stra\u00dfe<\/td>\n<\/tr>\n<tr>\n<td>19.40 Uhr<\/td>\n<td>Sportplatz Buchenweg<\/td>\n<td>Stand der Umbauma\u00dfnahmen<\/td>\n<\/tr>\n<tr>\n<td>20.15 Uhr<\/td>\n<td>Ende am Schmachtendorfer Kochpott<\/td>\n<td>Imbiss und weitere Gespr\u00e4che<\/td>\n<\/tr>\n<\/table>\n","protected":false},"excerpt":{"rendered":"<p>Zu einer Radtour durch K\u00f6nigshardt, die Walsumer Mark und Schmachtendorf l\u00e4dt der SPD-Ortsverein Sterkrade-Nord ein. Wahlweise kann man mitradeln oder aber an Haltepunkten der Radtour mit den Kandidatinnen Ursula Augenstein&hellip; <\/p>\n","protected":false},"author":1,"featured_media":0,"comment_status":"closed","ping_status":"closed","sticky":false,"template":"","format":"standard","meta":{"footnotes":""},"categories":[173,167,171],"tags":[2037,868,251,2485,91,2323,2484],"quellen":[337],"class_list":["post-7552","post","type-post","status-publish","format-standard","hentry","category-parteileben","category-stadtteile","category-veranstaltungen","tag-kommunalwahl-2020","tag-koenigshardt","tag-ob-kandidat","tag-radtour","tag-schmachtendorf","tag-thorsten-berg","tag-walsumer-mark","quellen-ov-sterkrade-nord"],"_links":{"self":[{"href":"https:\/\/meier-gerdingh.de\/wp-spd-ob\/wp-json\/wp\/v2\/posts\/7552","targetHints":{"allow":["GET"]}}],"collection":[{"href":"https:\/\/meier-gerdingh.de\/wp-spd-ob\/wp-json\/wp\/v2\/posts"}],"about":[{"href":"https:\/\/meier-gerdingh.de\/wp-spd-ob\/wp-json\/wp\/v2\/types\/post"}],"author":[{"embeddable":true,"href":"https:\/\/meier-gerdingh.de\/wp-spd-ob\/wp-json\/wp\/v2\/users\/1"}],"replies":[{"embeddable":true,"href":"https:\/\/meier-gerdingh.de\/wp-spd-ob\/wp-json\/wp\/v2\/comments?post=7552"}],"version-history":[{"count":0,"href":"https:\/\/meier-gerdingh.de\/wp-spd-ob\/wp-json\/wp\/v2\/posts\/7552\/revisions"}],"wp:attachment":[{"href":"https:\/\/meier-gerdingh.de\/wp-spd-ob\/wp-json\/wp\/v2\/media?parent=7552"}],"wp:term":[{"taxonomy":"category","embeddable":true,"href":"https:\/\/meier-gerdingh.de\/wp-spd-ob\/wp-json\/wp\/v2\/categories?post=7552"},{"taxonomy":"post_tag","embeddable":true,"href":"https:\/\/meier-gerdingh.de\/wp-spd-ob\/wp-json\/wp\/v2\/tags?post=7552"},{"taxonomy":"quellen","embeddable":true,"href":"https:\/\/meier-gerdingh.de\/wp-spd-ob\/wp-json\/wp\/v2\/quellen?post=7552"}],"curies":[{"name":"wp","href":"https:\/\/api.w.org\/{rel}","templated":true}]}}