{"id":7555,"date":"2020-08-24T18:41:31","date_gmt":"2020-08-24T16:41:31","guid":{"rendered":"https:\/\/meier-gerdingh.de\/wp-spd-ob\/?p=7555"},"modified":"2020-08-24T18:42:49","modified_gmt":"2020-08-24T16:42:49","slug":"lernen-sie-den-ob-kandidaten-thorsten-berg-in-kurzer-zeit-umfassend-kennen","status":"publish","type":"post","link":"https:\/\/meier-gerdingh.de\/wp-spd-ob\/2020\/08\/24\/lernen-sie-den-ob-kandidaten-thorsten-berg-in-kurzer-zeit-umfassend-kennen\/","title":{"rendered":"Lernen Sie den OB-Kandidaten Thorsten Berg in kurzer Zeit umfassend kennen!"},"content":{"rendered":"<div id=\"attachment_7462\" style=\"width: 310px\" class=\"wp-caption alignleft\"><a href=\"https:\/\/meier-gerdingh.de\/wp-spd-ob\/wp-content\/uploads\/2020\/08\/thorsten-berg-spd-ob-kandidat-lg.jpg\"><img aria-describedby=\"caption-attachment-7462\" decoding=\"async\" class=\"size-full wp-image-7462\" src=\"https:\/\/meier-gerdingh.de\/wp-spd-ob\/wp-content\/uploads\/2020\/08\/thorsten-berg-spd-ob-kandidat.jpg\" alt=\"\" width=\"300\" height=\"450\" srcset=\"https:\/\/meier-gerdingh.de\/wp-spd-ob\/wp-content\/uploads\/2020\/08\/thorsten-berg-spd-ob-kandidat.jpg 300w, https:\/\/meier-gerdingh.de\/wp-spd-ob\/wp-content\/uploads\/2020\/08\/thorsten-berg-spd-ob-kandidat-200x300.jpg 200w\" sizes=\"(max-width: 300px) 100vw, 300px\" \/><\/a><p id=\"caption-attachment-7462\" class=\"wp-caption-text\">Thorsten Berg ist der Oberb\u00fcrgermeister-Kandidat der Oberhausener SPD<\/p><\/div>\n<p><em>Die Oberhausener <abbr title=\"Arbeitsgemeinschaft sozialdemokratischer Frauen\">AsF<\/abbr> l\u00e4dt zum Speed-Debating mit dem OB-Kandidaten Thorsten Berg ein:<\/em><\/p>\n<p>Die Oberhausener SPD-Frauen haben sich ein besonderes Format ausgedacht, um Interessierte zu ermuntern, das Gespr\u00e4ch mit dem OB-Kandidaten der Oberhausener SPD, Thorsten Berg zu suchen.<\/p>\n<p>Unter dem Motto <strong>&#8222;Speed- Debating &#8211; Thorsten Berg steht Rede und Antwort!&#8220;<\/strong> l\u00e4dt die Arbeitsgemeinschaft sozialdemokratischer Frauen f\u00fcr <strong>Samstag, 29.08.2020, von 10.00 bis 11.00 Uhr, auf die Bahnhofstra\u00dfe in Sterkrade, gegen\u00fcber City Point<\/strong>, ein.<!--more--><\/p>\n<p>Das Format: Jede Teilnehmer*in bekommt die M\u00f6glichkeit, Thorsten Berg kennen zu lernen. In maximal vier Minuten gilt es, ihn mittels Fragen &#8222;auf den Zahn zu f\u00fchlen&#8220;.<\/p>\n<p>Sollte \u00fcber den Austausch von vier Minuten hinaus Gespr\u00e4chsbedarf bestehen, stellt die Vorsitzender der Oberhausener AsF, Dr. Ute Jordan-Ecker, einen Gespr\u00e4chsgutschein aus und l\u00e4dt zu einem weiteren Gespr\u00e4ch ein.<\/p>\n<p>Die Mitglieder der Oberhausener AsF freuen sich \u00fcber rege Teilnahme!<\/p>\n<p>Aus aktuellem Anlass:<\/p>\n<p>Um Corona keine Chance zu geben, gelten die AHA-Regeln Abstand \u2013 Hygiene &#8211; &amp; Alltagsmaske!<\/p>\n","protected":false},"excerpt":{"rendered":"<p>Die Oberhausener AsF l\u00e4dt zum Speed-Debating mit dem OB-Kandidaten Thorsten Berg ein: Die Oberhausener SPD-Frauen haben sich ein besonderes Format ausgedacht, um Interessierte zu ermuntern, das Gespr\u00e4ch mit dem OB-Kandidaten&hellip; <\/p>\n","protected":false},"author":1,"featured_media":0,"comment_status":"closed","ping_status":"closed","sticky":false,"template":"","format":"standard","meta":{"footnotes":""},"categories":[171],"tags":[251,2488,2323],"quellen":[341],"class_list":["post-7555","post","type-post","status-publish","format-standard","hentry","category-veranstaltungen","tag-ob-kandidat","tag-speed-debating","tag-thorsten-berg","quellen-asf-oberhausen"],"_links":{"self":[{"href":"https:\/\/meier-gerdingh.de\/wp-spd-ob\/wp-json\/wp\/v2\/posts\/7555","targetHints":{"allow":["GET"]}}],"collection":[{"href":"https:\/\/meier-gerdingh.de\/wp-spd-ob\/wp-json\/wp\/v2\/posts"}],"about":[{"href":"https:\/\/meier-gerdingh.de\/wp-spd-ob\/wp-json\/wp\/v2\/types\/post"}],"author":[{"embeddable":true,"href":"https:\/\/meier-gerdingh.de\/wp-spd-ob\/wp-json\/wp\/v2\/users\/1"}],"replies":[{"embeddable":true,"href":"https:\/\/meier-gerdingh.de\/wp-spd-ob\/wp-json\/wp\/v2\/comments?post=7555"}],"version-history":[{"count":0,"href":"https:\/\/meier-gerdingh.de\/wp-spd-ob\/wp-json\/wp\/v2\/posts\/7555\/revisions"}],"wp:attachment":[{"href":"https:\/\/meier-gerdingh.de\/wp-spd-ob\/wp-json\/wp\/v2\/media?parent=7555"}],"wp:term":[{"taxonomy":"category","embeddable":true,"href":"https:\/\/meier-gerdingh.de\/wp-spd-ob\/wp-json\/wp\/v2\/categories?post=7555"},{"taxonomy":"post_tag","embeddable":true,"href":"https:\/\/meier-gerdingh.de\/wp-spd-ob\/wp-json\/wp\/v2\/tags?post=7555"},{"taxonomy":"quellen","embeddable":true,"href":"https:\/\/meier-gerdingh.de\/wp-spd-ob\/wp-json\/wp\/v2\/quellen?post=7555"}],"curies":[{"name":"wp","href":"https:\/\/api.w.org\/{rel}","templated":true}]}}