{"id":7560,"date":"2020-08-25T13:58:20","date_gmt":"2020-08-25T11:58:20","guid":{"rendered":"https:\/\/meier-gerdingh.de\/wp-spd-ob\/?p=7560"},"modified":"2020-08-25T13:58:20","modified_gmt":"2020-08-25T11:58:20","slug":"strassenausbaubeitraege-jetzt-abschaffen","status":"publish","type":"post","link":"https:\/\/meier-gerdingh.de\/wp-spd-ob\/2020\/08\/25\/strassenausbaubeitraege-jetzt-abschaffen\/","title":{"rendered":"Stra\u00dfenausbaubeitr\u00e4ge jetzt abschaffen!"},"content":{"rendered":"<p>F\u00fcr die Sitzung des NRW-Landtags am Donnerstag hat die SPD-Fraktion erneut einen Antrag zur Abschaffung der Stra\u00dfenausbaubeitr\u00e4ge eingebracht. Dazu erkl\u00e4rt der Oberhausener Landtagsabgeordnete Stefan Zimkeit: &#8222;Stra\u00dfenausbaubeitr\u00e4ge sind ungerecht und b\u00fcrokratisch. Das System ist nicht reformierbar, die Beitr\u00e4ge sollten endlich abgeschafft werden.&#8220;<\/p>\n<p>Seine Landtagskollegin Sonja Bongers moniert, dass auch die Gesetzes\u00e4nderung der CDU-gef\u00fchrten Landesregierung im vergangenen Jahr nichts an den grundlegenden Problemen ge\u00e4ndert habe: &#8222;Stra\u00dfenausbaubeitr\u00e4ge sind ungerecht, weil sie keine R\u00fccksicht auf die Leistungsf\u00e4higkeit der Anlieger nehmen. Besonders \u00e4ltere Menschen und junge Familien geraten durch Beitragsbescheide, die nicht selten f\u00fcnfstellige Betr\u00e4ge fordern, schnell in Existenzn\u00f6te&#8220;, erkl\u00e4rt die Vorsitzende der SPD-Ratsfraktion.<!--more--><\/p>\n<p>&#8222;Die Beitr\u00e4ge sind b\u00fcrokratisch, weil die St\u00e4dte und Gemeinden f\u00fcr das komplizierte System viel Verwaltungsaufwand betreiben m\u00fcssen&#8220;, so der OB-Kandidat der SPD, Thorsten Berg. <\/p>\n<p>Mittlerweile ist Nordrhein-Westfalen das einzige Fl\u00e4chenland in Deutschland, das seine Kommunen zwingt, diese Beitr\u00e4ge von Anliegern zu kassieren. &#8222;Es ist einfach nur ungerecht, dass hier B\u00fcrgerinnen und B\u00fcrger zur Kasse gebeten werden, w\u00e4hrend in Bayern, Brandenburg oder Mecklenburg-Vorpommern diese Beitr\u00e4ge l\u00e4ngst abgeschafft sind&#8220;, moniert Thorsten Berg.<\/p>\n","protected":false},"excerpt":{"rendered":"<p>F\u00fcr die Sitzung des NRW-Landtags am Donnerstag hat die SPD-Fraktion erneut einen Antrag zur Abschaffung der Stra\u00dfenausbaubeitr\u00e4ge eingebracht. Dazu erkl\u00e4rt der Oberhausener Landtagsabgeordnete Stefan Zimkeit: &#8222;Stra\u00dfenausbaubeitr\u00e4ge sind ungerecht und b\u00fcrokratisch.&hellip; <\/p>\n","protected":false},"author":1,"featured_media":0,"comment_status":"closed","ping_status":"closed","sticky":false,"template":"","format":"standard","meta":{"footnotes":""},"categories":[216,27],"tags":[2031,2276,1717,2159,1712,1136],"quellen":[327],"class_list":["post-7560","post","type-post","status-publish","format-standard","hentry","category-land","category-planen-bauen-wohnen-verkehr","tag-anliegerbeitraege","tag-strassenausbau","tag-strassenausbaubeitraege","tag-strassenausbaugebuehren","tag-strassenbaubeitraege","tag-strassensanierung","quellen-spd-unterbezirk-oberhausen"],"_links":{"self":[{"href":"https:\/\/meier-gerdingh.de\/wp-spd-ob\/wp-json\/wp\/v2\/posts\/7560","targetHints":{"allow":["GET"]}}],"collection":[{"href":"https:\/\/meier-gerdingh.de\/wp-spd-ob\/wp-json\/wp\/v2\/posts"}],"about":[{"href":"https:\/\/meier-gerdingh.de\/wp-spd-ob\/wp-json\/wp\/v2\/types\/post"}],"author":[{"embeddable":true,"href":"https:\/\/meier-gerdingh.de\/wp-spd-ob\/wp-json\/wp\/v2\/users\/1"}],"replies":[{"embeddable":true,"href":"https:\/\/meier-gerdingh.de\/wp-spd-ob\/wp-json\/wp\/v2\/comments?post=7560"}],"version-history":[{"count":0,"href":"https:\/\/meier-gerdingh.de\/wp-spd-ob\/wp-json\/wp\/v2\/posts\/7560\/revisions"}],"wp:attachment":[{"href":"https:\/\/meier-gerdingh.de\/wp-spd-ob\/wp-json\/wp\/v2\/media?parent=7560"}],"wp:term":[{"taxonomy":"category","embeddable":true,"href":"https:\/\/meier-gerdingh.de\/wp-spd-ob\/wp-json\/wp\/v2\/categories?post=7560"},{"taxonomy":"post_tag","embeddable":true,"href":"https:\/\/meier-gerdingh.de\/wp-spd-ob\/wp-json\/wp\/v2\/tags?post=7560"},{"taxonomy":"quellen","embeddable":true,"href":"https:\/\/meier-gerdingh.de\/wp-spd-ob\/wp-json\/wp\/v2\/quellen?post=7560"}],"curies":[{"name":"wp","href":"https:\/\/api.w.org\/{rel}","templated":true}]}}