{"id":757,"date":"2010-03-05T17:00:00","date_gmt":"2010-03-05T15:00:00","guid":{"rendered":"http:\/\/www.meier-gerdingh.de\/spd-oberhausen\/wp\/?p=757"},"modified":"2017-05-16T17:11:32","modified_gmt":"2017-05-16T15:11:32","slug":"kleiner-parteitag-der-oberhausener-spd-hat-neuen-vorsitzenden","status":"publish","type":"post","link":"https:\/\/meier-gerdingh.de\/wp-spd-ob\/2010\/03\/05\/kleiner-parteitag-der-oberhausener-spd-hat-neuen-vorsitzenden\/","title":{"rendered":"&#8222;Kleiner Parteitag&#8220; der Oberhausener SPD hat neuen Vorsitzenden"},"content":{"rendered":"<div style=\"width: 150px\" class=\"wp-caption alignleft\"><a href=\"http:\/\/meier-gerdingh.de\/wp-spd-ob\/wp-content\/uploads\/koesling_klaus_09.jpg\"><img decoding=\"async\" class=\"size-full\" src=\"http:\/\/meier-gerdingh.de\/wp-spd-ob\/wp-content\/uploads\/koesling_klaus_09.jpg\" alt=\"Ist neuer Vorsitzender des UB-Ausschusses der Oberhausener SPD: Klaus K\u00f6sling aus dem Ortsverein Alsfeld-Holten\" width=\"140\" height=\"169\" \/><\/a><p class=\"wp-caption-text\">Ist neuer Vorsitzender des UB-Ausschusses der Oberhausener SPD: Klaus K\u00f6sling aus dem Ortsverein Alsfeld-Holten<\/p><\/div>\n<p>Der Stadtverordnete Klaus K\u00f6sling aus Alsfeld-Holten ist der neue Vorsitzende des &#8222;Unterbezirks-Ausschusses&#8220; der Oberhausener SPD. Dieses Gremium stellt zwischen den Parteitagen die Zusammenarbeit zwischen dem Vorstand und den Ortsvereinen sicher und wird daher auch als &#8222;kleiner Parteitag&#8220; bezeichnet. Nach achtj\u00e4hriger Amtszeit hatte der bisherige Vorsitzende Karsten Bron wegen berufsbedingtem Zeitmangel nicht f\u00fcr eine Wiederwahl zur Verf\u00fcgung gestanden.<!--more--><\/p>\n<p>Keinen Wechsel gab es beim stellvertretenden Vorsitz: Anette Wei\u00df aus Osterfeld macht in diesem Amt weiter. Um die Schriftf\u00fchrung k\u00fcmmert sich in den n\u00e4chsten zwei Jahren Muhammed Giraz aus Oberhausen-Mitte.<\/p>\n","protected":false},"excerpt":{"rendered":"<p>Der Stadtverordnete Klaus K\u00f6sling aus Alsfeld-Holten ist der neue Vorsitzende des &#8222;Unterbezirks-Ausschusses&#8220; der Oberhausener SPD. Dieses Gremium stellt zwischen den Parteitagen die Zusammenarbeit zwischen dem Vorstand und den Ortsvereinen sicher&hellip; <\/p>\n","protected":false},"author":1,"featured_media":0,"comment_status":"closed","ping_status":"closed","sticky":false,"template":"","format":"standard","meta":{"footnotes":""},"categories":[1],"tags":[],"quellen":[],"class_list":["post-757","post","type-post","status-publish","format-standard","hentry","category-allgemein"],"_links":{"self":[{"href":"https:\/\/meier-gerdingh.de\/wp-spd-ob\/wp-json\/wp\/v2\/posts\/757","targetHints":{"allow":["GET"]}}],"collection":[{"href":"https:\/\/meier-gerdingh.de\/wp-spd-ob\/wp-json\/wp\/v2\/posts"}],"about":[{"href":"https:\/\/meier-gerdingh.de\/wp-spd-ob\/wp-json\/wp\/v2\/types\/post"}],"author":[{"embeddable":true,"href":"https:\/\/meier-gerdingh.de\/wp-spd-ob\/wp-json\/wp\/v2\/users\/1"}],"replies":[{"embeddable":true,"href":"https:\/\/meier-gerdingh.de\/wp-spd-ob\/wp-json\/wp\/v2\/comments?post=757"}],"version-history":[{"count":0,"href":"https:\/\/meier-gerdingh.de\/wp-spd-ob\/wp-json\/wp\/v2\/posts\/757\/revisions"}],"wp:attachment":[{"href":"https:\/\/meier-gerdingh.de\/wp-spd-ob\/wp-json\/wp\/v2\/media?parent=757"}],"wp:term":[{"taxonomy":"category","embeddable":true,"href":"https:\/\/meier-gerdingh.de\/wp-spd-ob\/wp-json\/wp\/v2\/categories?post=757"},{"taxonomy":"post_tag","embeddable":true,"href":"https:\/\/meier-gerdingh.de\/wp-spd-ob\/wp-json\/wp\/v2\/tags?post=757"},{"taxonomy":"quellen","embeddable":true,"href":"https:\/\/meier-gerdingh.de\/wp-spd-ob\/wp-json\/wp\/v2\/quellen?post=757"}],"curies":[{"name":"wp","href":"https:\/\/api.w.org\/{rel}","templated":true}]}}