{"id":7579,"date":"2020-08-27T19:14:30","date_gmt":"2020-08-27T17:14:30","guid":{"rendered":"https:\/\/meier-gerdingh.de\/wp-spd-ob\/?p=7579"},"modified":"2020-08-27T19:14:30","modified_gmt":"2020-08-27T17:14:30","slug":"schulsozialarbeit-gesichert","status":"publish","type":"post","link":"https:\/\/meier-gerdingh.de\/wp-spd-ob\/2020\/08\/27\/schulsozialarbeit-gesichert\/","title":{"rendered":"Schulsozialarbeit gesichert"},"content":{"rendered":"<div id=\"attachment_4242\" style=\"width: 150px\" class=\"wp-caption alignleft\"><a href=\"https:\/\/meier-gerdingh.de\/wp-spd-ob\/wp-content\/uploads\/2017\/05\/zimkeit_stefan_17.jpg\"><img aria-describedby=\"caption-attachment-4242\" decoding=\"async\" class=\"size-full wp-image-4242\" src=\"https:\/\/meier-gerdingh.de\/wp-spd-ob\/wp-content\/uploads\/2017\/05\/zimkeit_stefan_17.jpg\" alt=\"\" width=\"140\" height=\"192\" \/><\/a><p id=\"caption-attachment-4242\" class=\"wp-caption-text\">Stefan Zimkeit ist Landtagsabgeordneter f\u00fcr Oberhausen-Sterkrade und Dinslaken sowie haushalts- und finanzpolitischer Sprecher der SPD-Landtagsfraktion<\/p><\/div>\n<p>Die SPD begr\u00fc\u00dft es, dass Schulministerin Yvonne Gebauer eine Finanzierungszusage f\u00fcr die Schulsozialarbeit abgegeben hat. &#8222;Es hat sich gelohnt, dass die Verb\u00e4nde, die Sozialarbeit tragen, gemeinsam mit uns viel Druck ausge\u00fcbt haben&#8220;, berichtet Zimkeit aus dem Landtag.<\/p>\n<p>&#8222;Besser sp\u00e4t als nie&#8220;, kommentiert Oberb\u00fcrgermeisterkandidat Thorsten Berg den Vorgang. &#8222;Wenn die Landesregierung nicht handelt, w\u00fcrde die Schulsozialarbeit zum Jahresende auslaufen. Ich finde es unertr\u00e4glich, dass die Schulen sowie die Sozialarbeiterinnen und -arbeiter so lange im Unklaren gelassen wurden. Viele haben sich schon begonnen, sich nach einem neuen Job umzusehen.&#8220;<!--more--><\/p>\n<p>Stefan Zimkeit ist froh, dass die st\u00e4ndige H\u00e4ngepartie und die Befristung der Arbeitsvertr\u00e4ge von der Landesregierung endlich beendet wird. &#8222;Ich verstehe nicht, warum das solange gedauert hat und warum die SPD dieses Thema immer wieder auf die Tagesordnung bringen musste. Die Schulsozialarbeit ist eine dauerhafte Aufgabe&#8220;, betont der Landtagsabgeordnete.<\/p>\n","protected":false},"excerpt":{"rendered":"<p>Die SPD begr\u00fc\u00dft es, dass Schulministerin Yvonne Gebauer eine Finanzierungszusage f\u00fcr die Schulsozialarbeit abgegeben hat. &#8222;Es hat sich gelohnt, dass die Verb\u00e4nde, die Sozialarbeit tragen, gemeinsam mit uns viel Druck&hellip; <\/p>\n","protected":false},"author":1,"featured_media":0,"comment_status":"closed","ping_status":"closed","sticky":false,"template":"","format":"standard","meta":{"footnotes":""},"categories":[174,216,2],"tags":[1769,123,1417],"quellen":[331],"class_list":["post-7579","post","type-post","status-publish","format-standard","hentry","category-arbeit-und-soziales","category-land","category-schule","tag-befristete-arbeitsverhaeltnisse","tag-schulsozialarbeit","tag-sozialarbeit","quellen-mdl-stefan-zimkeit"],"_links":{"self":[{"href":"https:\/\/meier-gerdingh.de\/wp-spd-ob\/wp-json\/wp\/v2\/posts\/7579","targetHints":{"allow":["GET"]}}],"collection":[{"href":"https:\/\/meier-gerdingh.de\/wp-spd-ob\/wp-json\/wp\/v2\/posts"}],"about":[{"href":"https:\/\/meier-gerdingh.de\/wp-spd-ob\/wp-json\/wp\/v2\/types\/post"}],"author":[{"embeddable":true,"href":"https:\/\/meier-gerdingh.de\/wp-spd-ob\/wp-json\/wp\/v2\/users\/1"}],"replies":[{"embeddable":true,"href":"https:\/\/meier-gerdingh.de\/wp-spd-ob\/wp-json\/wp\/v2\/comments?post=7579"}],"version-history":[{"count":0,"href":"https:\/\/meier-gerdingh.de\/wp-spd-ob\/wp-json\/wp\/v2\/posts\/7579\/revisions"}],"wp:attachment":[{"href":"https:\/\/meier-gerdingh.de\/wp-spd-ob\/wp-json\/wp\/v2\/media?parent=7579"}],"wp:term":[{"taxonomy":"category","embeddable":true,"href":"https:\/\/meier-gerdingh.de\/wp-spd-ob\/wp-json\/wp\/v2\/categories?post=7579"},{"taxonomy":"post_tag","embeddable":true,"href":"https:\/\/meier-gerdingh.de\/wp-spd-ob\/wp-json\/wp\/v2\/tags?post=7579"},{"taxonomy":"quellen","embeddable":true,"href":"https:\/\/meier-gerdingh.de\/wp-spd-ob\/wp-json\/wp\/v2\/quellen?post=7579"}],"curies":[{"name":"wp","href":"https:\/\/api.w.org\/{rel}","templated":true}]}}