{"id":758,"date":"2010-03-05T17:00:00","date_gmt":"2010-03-05T15:00:00","guid":{"rendered":"http:\/\/www.meier-gerdingh.de\/spd-oberhausen\/wp\/?p=758"},"modified":"2017-05-16T17:11:40","modified_gmt":"2017-05-16T15:11:40","slug":"michael-groschek-zum-sprecher-fuer-abruestung-und-ruestungskontrolle-gewaehlt","status":"publish","type":"post","link":"https:\/\/meier-gerdingh.de\/wp-spd-ob\/2010\/03\/05\/michael-groschek-zum-sprecher-fuer-abruestung-und-ruestungskontrolle-gewaehlt\/","title":{"rendered":"Michael Groschek zum Sprecher f\u00fcr Abr\u00fcstung und R\u00fcstungskontrolle gew\u00e4hlt"},"content":{"rendered":"<div style=\"width: 150px\" class=\"wp-caption alignleft\"><a href=\"http:\/\/meier-gerdingh.de\/wp-spd-ob\/wp-content\/uploads\/groschek_michael_09.jpg\"><img decoding=\"async\" class=\"size-full\" src=\"http:\/\/meier-gerdingh.de\/wp-spd-ob\/wp-content\/uploads\/groschek_michael_09.jpg\" alt=\"Michael Groschek ist Generalsekret\u00e4r der NRWSPD und Mitglied des Bundestages f\u00fcr Oberhausen und Dinslaken\" width=\"140\" height=\"186\" \/><\/a><p class=\"wp-caption-text\">Michael Groschek ist Generalsekret\u00e4r der NRWSPD und Mitglied des Bundestages f\u00fcr Oberhausen und Dinslaken<\/p><\/div>\n<p>Der Bundestagsabgeordnete und Generalsekret\u00e4r der NRWSPD Michael Groschek ist einstimmig von der SPD-Fraktion zum Sprecher f\u00fcr Abr\u00fcstung und R\u00fcstungskontrolle gew\u00e4hlt worden. Damit \u00fcbernimmt der Bundestagsabgeordnete aus dem Wahlkreis Oberhausen\/Dinslaken zugleich die offizielle Funktion als Sprecher und Obmann des Unterausschusses f\u00fcr Abr\u00fcstung wahr. In diesem Gremium werden Abr\u00fcstungs- und R\u00fcstungskontrollinitiativen der Bundesregierung vorbereitet. Die au\u00dfen- und verteidigungspolitischen Experten der Bundestagsfraktionen nutzen dieses Gremium auch als Diskussionsforum zur Vorbereitung und Begleitung der internationalen Abr\u00fcstungskonferenzen.<!--more--><\/p>\n<p>Michael<\/p>\n","protected":false},"excerpt":{"rendered":"<p>Der Bundestagsabgeordnete und Generalsekret\u00e4r der NRWSPD Michael Groschek ist einstimmig von der SPD-Fraktion zum Sprecher f\u00fcr Abr\u00fcstung und R\u00fcstungskontrolle gew\u00e4hlt worden. Damit \u00fcbernimmt der Bundestagsabgeordnete aus dem Wahlkreis Oberhausen\/Dinslaken zugleich&hellip; <\/p>\n","protected":false},"author":1,"featured_media":0,"comment_status":"closed","ping_status":"closed","sticky":false,"template":"","format":"standard","meta":{"footnotes":""},"categories":[1],"tags":[],"quellen":[],"class_list":["post-758","post","type-post","status-publish","format-standard","hentry","category-allgemein"],"_links":{"self":[{"href":"https:\/\/meier-gerdingh.de\/wp-spd-ob\/wp-json\/wp\/v2\/posts\/758","targetHints":{"allow":["GET"]}}],"collection":[{"href":"https:\/\/meier-gerdingh.de\/wp-spd-ob\/wp-json\/wp\/v2\/posts"}],"about":[{"href":"https:\/\/meier-gerdingh.de\/wp-spd-ob\/wp-json\/wp\/v2\/types\/post"}],"author":[{"embeddable":true,"href":"https:\/\/meier-gerdingh.de\/wp-spd-ob\/wp-json\/wp\/v2\/users\/1"}],"replies":[{"embeddable":true,"href":"https:\/\/meier-gerdingh.de\/wp-spd-ob\/wp-json\/wp\/v2\/comments?post=758"}],"version-history":[{"count":0,"href":"https:\/\/meier-gerdingh.de\/wp-spd-ob\/wp-json\/wp\/v2\/posts\/758\/revisions"}],"wp:attachment":[{"href":"https:\/\/meier-gerdingh.de\/wp-spd-ob\/wp-json\/wp\/v2\/media?parent=758"}],"wp:term":[{"taxonomy":"category","embeddable":true,"href":"https:\/\/meier-gerdingh.de\/wp-spd-ob\/wp-json\/wp\/v2\/categories?post=758"},{"taxonomy":"post_tag","embeddable":true,"href":"https:\/\/meier-gerdingh.de\/wp-spd-ob\/wp-json\/wp\/v2\/tags?post=758"},{"taxonomy":"quellen","embeddable":true,"href":"https:\/\/meier-gerdingh.de\/wp-spd-ob\/wp-json\/wp\/v2\/quellen?post=758"}],"curies":[{"name":"wp","href":"https:\/\/api.w.org\/{rel}","templated":true}]}}