{"id":7585,"date":"2020-08-31T11:48:31","date_gmt":"2020-08-31T09:48:31","guid":{"rendered":"https:\/\/meier-gerdingh.de\/wp-spd-ob\/?p=7585"},"modified":"2020-08-31T11:48:31","modified_gmt":"2020-08-31T09:48:31","slug":"der-spd-ortsverein-oberhausen-west-laedt-zum-stadtteilspaziergang-mit-ex-ob-burkhard-drescher","status":"publish","type":"post","link":"https:\/\/meier-gerdingh.de\/wp-spd-ob\/2020\/08\/31\/der-spd-ortsverein-oberhausen-west-laedt-zum-stadtteilspaziergang-mit-ex-ob-burkhard-drescher\/","title":{"rendered":"Der SPD-Ortsverein Oberhausen-West l\u00e4dt zum Stadtteilspaziergang mit Ex-OB Burkhard Drescher"},"content":{"rendered":"<p><a href=\"https:\/\/meier-gerdingh.de\/wp-spd-ob\/wp-content\/uploads\/2020\/08\/einladung-spaziergang-innovation-city-lg.jpg\"><img decoding=\"async\" class=\"aligncenter size-full wp-image-7583\" src=\"https:\/\/meier-gerdingh.de\/wp-spd-ob\/wp-content\/uploads\/2020\/08\/einladung-spaziergang-innovation-city.jpg\" alt=\"\" width=\"700\" height=\"700\" srcset=\"https:\/\/meier-gerdingh.de\/wp-spd-ob\/wp-content\/uploads\/2020\/08\/einladung-spaziergang-innovation-city.jpg 700w, https:\/\/meier-gerdingh.de\/wp-spd-ob\/wp-content\/uploads\/2020\/08\/einladung-spaziergang-innovation-city-300x300.jpg 300w, https:\/\/meier-gerdingh.de\/wp-spd-ob\/wp-content\/uploads\/2020\/08\/einladung-spaziergang-innovation-city-150x150.jpg 150w, https:\/\/meier-gerdingh.de\/wp-spd-ob\/wp-content\/uploads\/2020\/08\/einladung-spaziergang-innovation-city-330x330.jpg 330w\" sizes=\"(max-width: 700px) 100vw, 700px\" \/><\/a>Am kommenden Dienstag, 01.09.2020, m\u00f6chte der SPD-Ortsverein Oberhausen-West beim n\u00e4chsten Stadtteilspaziergang wieder mit B\u00fcrgerinnen und B\u00fcrgern ins Gespr\u00e4ch kommen. Thema ist das Projekt Innovation City zum klimagerechten Stadtumbau, das bald auch auf Alstaden ausgerollt werden soll. Als fachkundiger Referent konnte Burkhard Drescher gewonnen werden, ehemaliger Oberhausener Oberb\u00fcrgermeister, heute Gesch\u00e4ftsf\u00fchrer der Bottroper Innovation City GmbH.<\/p>\n<p>Gemeinsam mit der Chefin der Oberhausener SPD-Ratsfraktion Sonja Bongers wird Burkhard Drescher das Projekt im Rahmen eines informativen Rundgangs durch den Alstadener S\u00fcden vorstellen und dabei Fragen der B\u00fcrgerinnen und B\u00fcrger beantworten.<\/p>\n<p>Start des Stadtteilspaziergangs ist um 18.00 Uhr am Haupteingang des Ruhrparks an der Kewerstra\u00dfe.<\/p>\n","protected":false},"excerpt":{"rendered":"<p>Am kommenden Dienstag, 01.09.2020, m\u00f6chte der SPD-Ortsverein Oberhausen-West beim n\u00e4chsten Stadtteilspaziergang wieder mit B\u00fcrgerinnen und B\u00fcrgern ins Gespr\u00e4ch kommen. Thema ist das Projekt Innovation City zum klimagerechten Stadtumbau, das bald&hellip; <\/p>\n","protected":false},"author":1,"featured_media":0,"comment_status":"closed","ping_status":"closed","sticky":false,"template":"","format":"standard","meta":{"footnotes":""},"categories":[16,29],"tags":[467,134,475,484,1853],"quellen":[335],"class_list":["post-7585","post","type-post","status-publish","format-standard","hentry","category-stadtentwicklung","category-umwelt","tag-innovation-city","tag-alstaden","tag-burkhard-drescher","tag-klimaschutz","tag-ruhrpark","quellen-ov-west"],"_links":{"self":[{"href":"https:\/\/meier-gerdingh.de\/wp-spd-ob\/wp-json\/wp\/v2\/posts\/7585","targetHints":{"allow":["GET"]}}],"collection":[{"href":"https:\/\/meier-gerdingh.de\/wp-spd-ob\/wp-json\/wp\/v2\/posts"}],"about":[{"href":"https:\/\/meier-gerdingh.de\/wp-spd-ob\/wp-json\/wp\/v2\/types\/post"}],"author":[{"embeddable":true,"href":"https:\/\/meier-gerdingh.de\/wp-spd-ob\/wp-json\/wp\/v2\/users\/1"}],"replies":[{"embeddable":true,"href":"https:\/\/meier-gerdingh.de\/wp-spd-ob\/wp-json\/wp\/v2\/comments?post=7585"}],"version-history":[{"count":0,"href":"https:\/\/meier-gerdingh.de\/wp-spd-ob\/wp-json\/wp\/v2\/posts\/7585\/revisions"}],"wp:attachment":[{"href":"https:\/\/meier-gerdingh.de\/wp-spd-ob\/wp-json\/wp\/v2\/media?parent=7585"}],"wp:term":[{"taxonomy":"category","embeddable":true,"href":"https:\/\/meier-gerdingh.de\/wp-spd-ob\/wp-json\/wp\/v2\/categories?post=7585"},{"taxonomy":"post_tag","embeddable":true,"href":"https:\/\/meier-gerdingh.de\/wp-spd-ob\/wp-json\/wp\/v2\/tags?post=7585"},{"taxonomy":"quellen","embeddable":true,"href":"https:\/\/meier-gerdingh.de\/wp-spd-ob\/wp-json\/wp\/v2\/quellen?post=7585"}],"curies":[{"name":"wp","href":"https:\/\/api.w.org\/{rel}","templated":true}]}}