{"id":760,"date":"2010-03-11T17:00:00","date_gmt":"2010-03-11T15:00:00","guid":{"rendered":"http:\/\/www.meier-gerdingh.de\/spd-oberhausen\/wp\/?p=760"},"modified":"2017-05-16T17:11:17","modified_gmt":"2017-05-16T15:11:17","slug":"oberhausener-spd-waehlt-neuen-vorstand","status":"publish","type":"post","link":"https:\/\/meier-gerdingh.de\/wp-spd-ob\/2010\/03\/11\/oberhausener-spd-waehlt-neuen-vorstand\/","title":{"rendered":"Oberhausener SPD w\u00e4hlt neuen Vorstand"},"content":{"rendered":"<div style=\"width: 150px\" class=\"wp-caption alignleft\"><a href=\"http:\/\/meier-gerdingh.de\/wp-spd-ob\/wp-content\/uploads\/grosse_broemer_wolfgang_09.jpg\"><img decoding=\"async\" class=\"size-full\" src=\"http:\/\/meier-gerdingh.de\/wp-spd-ob\/wp-content\/uploads\/grosse_broemer_wolfgang_09.jpg\" alt=\"Wolfgang Gro\u00dfe Br\u00f6mer kandidiert erneut f\u00fcr den Vorsitzend der Oberhausener SPD\" width=\"140\" height=\"169\" \/><\/a><p class=\"wp-caption-text\">Wolfgang Gro\u00dfe Br\u00f6mer kandidiert erneut f\u00fcr den Vorsitzend der Oberhausener SPD<\/p><\/div>\n<p>Am kommenden Montag treffen sich die Delegierten der Oberhausener SPD zu ihrem Unterbezirksparteitag. Die Delegierten werden einen neuen Vorstand f\u00fcr die kommenden zwei Jahre w\u00e4hlen. Wolfgang Gro\u00dfe Br\u00f6mer wird sich erneut zur Wahl zum Vorsitzenden der Oberhausener SPD stellen. Ebenso werden Elia Albrecht-Mainz und Michael Groschek wieder als stellvertretende Vorsitzende kandidieren.<!--more--><\/p>\n<p>Neben den Vorstandswahlen steht der Jahresbericht des Vorsitzenden auf der Tagesordnung des Parteitages der Oberhausener SPD.<\/p>\n<p>Wir freuen uns ebenso, als Referentin Britta Altenkamp, MdL, stellvertretende Vorsitzende der SPD-Landtagsfraktion und Vorsitzende der SPD-Region Niederrhein, begr\u00fc\u00dfen zu d\u00fcrfen. Britta Altenkamp wird zum Thema: &#8222;55 Tage vor der Landtagswahl &#8211; Ziele und Aufgaben der NRWSPD&#8220; sprechen.<\/p>\n<p><b>Termin:<\/b><br \/>\nMontag, 15. M\u00e4rz 2010, 17.00 Uhr,<br \/>\nSaal &#8222;London&#8220; der Luise-Albertz-Halle,<br \/>\nD\u00fcppelstra\u00dfe 1-3, 46045 Oberhausen<\/p>\n<div class=\"agenda\">\n<p>Vorl\u00e4ufige <b>Tagesordnung<\/b>:<br \/>\n<b>Pr\u00e4sidium:<\/b> Ortsverein Oberhausen-West<\/p>\n<ol>\n<li>Er\u00f6ffnung des Parteitages<\/li>\n<li>Begr\u00fc\u00dfung und Totenehrung<\/li>\n<li>Konstituierung<br \/>\na) Annahme einer Tagesordnung<br \/>\nb) Annahme einer Gesch\u00e4ftsordnung<br \/>\nc) Wahl einer Versammlungsleitung<br \/>\nd) Wahl einer Mandatspr\u00fcfungskommission<br \/>\ne) Wahl einer Wahlkommission<br \/>\nf) Wahl einer Antragskommission<\/li>\n<li>Genehmigung der Niederschrift des Unterbezirksparteitages vom 26. Oktober 2009<\/li>\n<li>Bericht der Mandatspr\u00fcfungs- und Wahlkommission<\/li>\n<li><b>Berichte:<\/b><br \/>\na) Politischer und Organisationsbericht, <i>Wolfgang Gro\u00dfe Br\u00f6mer<\/i><br \/>\nb) Kassenbericht, <i>Ralf Katernberg<\/i><\/li>\n<li>Aussprache<\/li>\n<li>Bericht der Revisoren und Entlastung des Unterbezirksvorstandes<\/li>\n<li><b>&#8222;55 Tage vor der Landtagswahl &#8211; Ziele und Aufgaben der NRWSPD&#8220;<\/b><br \/>\nRede von <b>Britta Altenkamp MdL<\/b><br \/>\n&#8211; Stv. Vorsitzende der SPD-Landtagsfraktion &#8211;<\/li>\n<li><b>Neuwahlen zum Unterbezirksvorstand<\/b><br \/>\na) Wahl der Vorsitzenden oder des Vorsitzenden<br \/>\nb) Wahl der beiden Stellvertreterinnen oder Stellvertreter<br \/>\nc) Wahl der Schatzmeisterin oder des Schatzmeisters<br \/>\nd) Wahl von 13 Beisitzerinnen oder Beisitzern<\/li>\n<li>Wahl von drei Revisorinnen bzw. Revisoren<\/li>\n<li>Wahl der Schiedskommission<br \/>\na) Wahl der Vorsitzenden oder des Vorsitzenden<br \/>\nb) Wahl der beiden Stellvertreterinnen oder Stellvertreter<br \/>\nc) Wahl von vier Beisitzerinnen oder Beisitzern<\/li>\n<li>Beratung von Antr\u00e4gen, soweit sie nicht unter den bisherigen Punkten 1 bis 12 bereits behandelt worden sind.<\/li>\n<li>Abschluss des Unterbezirksparteitages<\/li>\n<\/ol>\n<\/div>\n","protected":false},"excerpt":{"rendered":"<p>Am kommenden Montag treffen sich die Delegierten der Oberhausener SPD zu ihrem Unterbezirksparteitag. Die Delegierten werden einen neuen Vorstand f\u00fcr die kommenden zwei Jahre w\u00e4hlen. Wolfgang Gro\u00dfe Br\u00f6mer wird sich&hellip; <\/p>\n","protected":false},"author":1,"featured_media":0,"comment_status":"closed","ping_status":"closed","sticky":false,"template":"","format":"standard","meta":{"footnotes":""},"categories":[1],"tags":[],"quellen":[],"class_list":["post-760","post","type-post","status-publish","format-standard","hentry","category-allgemein"],"_links":{"self":[{"href":"https:\/\/meier-gerdingh.de\/wp-spd-ob\/wp-json\/wp\/v2\/posts\/760","targetHints":{"allow":["GET"]}}],"collection":[{"href":"https:\/\/meier-gerdingh.de\/wp-spd-ob\/wp-json\/wp\/v2\/posts"}],"about":[{"href":"https:\/\/meier-gerdingh.de\/wp-spd-ob\/wp-json\/wp\/v2\/types\/post"}],"author":[{"embeddable":true,"href":"https:\/\/meier-gerdingh.de\/wp-spd-ob\/wp-json\/wp\/v2\/users\/1"}],"replies":[{"embeddable":true,"href":"https:\/\/meier-gerdingh.de\/wp-spd-ob\/wp-json\/wp\/v2\/comments?post=760"}],"version-history":[{"count":0,"href":"https:\/\/meier-gerdingh.de\/wp-spd-ob\/wp-json\/wp\/v2\/posts\/760\/revisions"}],"wp:attachment":[{"href":"https:\/\/meier-gerdingh.de\/wp-spd-ob\/wp-json\/wp\/v2\/media?parent=760"}],"wp:term":[{"taxonomy":"category","embeddable":true,"href":"https:\/\/meier-gerdingh.de\/wp-spd-ob\/wp-json\/wp\/v2\/categories?post=760"},{"taxonomy":"post_tag","embeddable":true,"href":"https:\/\/meier-gerdingh.de\/wp-spd-ob\/wp-json\/wp\/v2\/tags?post=760"},{"taxonomy":"quellen","embeddable":true,"href":"https:\/\/meier-gerdingh.de\/wp-spd-ob\/wp-json\/wp\/v2\/quellen?post=760"}],"curies":[{"name":"wp","href":"https:\/\/api.w.org\/{rel}","templated":true}]}}