{"id":761,"date":"2010-03-19T17:00:00","date_gmt":"2010-03-19T15:00:00","guid":{"rendered":"http:\/\/www.meier-gerdingh.de\/spd-oberhausen\/wp\/?p=761"},"modified":"2017-05-16T17:09:38","modified_gmt":"2017-05-16T15:09:38","slug":"staedte-und-kommunen-als-spardose-schwarz-gelber-haushaltspolitik","status":"publish","type":"post","link":"https:\/\/meier-gerdingh.de\/wp-spd-ob\/2010\/03\/19\/staedte-und-kommunen-als-spardose-schwarz-gelber-haushaltspolitik\/","title":{"rendered":"&#8222;St\u00e4dte und Kommunen als Spardose schwarz-gelber Haushaltspolitik&#8220;"},"content":{"rendered":"<div style=\"width: 150px\" class=\"wp-caption alignleft\"><a href=\"http:\/\/meier-gerdingh.de\/wp-spd-ob\/wp-content\/uploads\/groschek_michael_09.jpg\"><img decoding=\"async\" class=\"size-full\" src=\"http:\/\/meier-gerdingh.de\/wp-spd-ob\/wp-content\/uploads\/groschek_michael_09.jpg\" alt=\"Michael Groschek ist Generalsekret\u00e4r der NRWSPD und Bundestagsabgeordneter f\u00fcr Oberhausen und Dinslaken\" width=\"140\" height=\"186\" \/><\/a><p class=\"wp-caption-text\">Michael Groschek ist Generalsekret\u00e4r der NRWSPD und Bundestagsabgeordneter f\u00fcr Oberhausen und Dinslaken<\/p><\/div>\n<p>Anl\u00e4sslich des am Freitag im Deutschen Bundestag verabschiedeten Bundeshaushalts f\u00fcr das Jahr 2010, zeigt sich der Bundesabgeordnete aus Oberhausen\/Dinslaken und Generalsekret\u00e4r der NRWSPD besorgt \u00fcber die weitere Handlungsf\u00e4higkeit unserer St\u00e4dte und Kommunen: &#8222;Der von der Regierungsmehrheit verabschiedete Haushalt ist ein Dokument der Verantwortungslosigkeit. Unsere St\u00e4dte und Kommunen sind darin zur Spardose der schwarz-gelben Haushaltspolitik geworden.&#8220;<!--more--><\/p>\n<p>Die Regierungskoalition aus CDU\/CSU und FDP stimmte am Freitag im Deutschen Bundestag mehrheitlich dem Bundeshaushalt f\u00fcr das Jahr 2010 zu. Schwarz-Gelb plant darin eine Rekordneuverschuldung von 80,2 Milliarden Euro.<\/p>\n<p>Michael Groschek, SPD-Bundestagsabgeordneter, kritisiert, dass &#8222;ein erheblicher Teil der Neuverschuldung, denkt man beispielsweise allein nur an das Wachstumsbeschleunigungsgesetz, Vetternwirtschaft und Verschwendung ist.&#8220;<\/p>\n<p>Diese desastr\u00f6se Finanzpolitik trifft am st\u00e4rksten die St\u00e4dte, Gemeinden und Kreise. Trotz der durch die schwarz-gelbe Steuerpolitik verursachten Ausf\u00e4lle in den Kommunalhaushalten, verweigert der Bund jegliche Kompensationszahlungen.<\/p>\n<p>&#8222;Anders als in den allw\u00f6chentlichen Sonntagsreden von der Kanzlerin beteuert, sind im Bundeshaushalt keinerlei Akzente zur Stabilisierung der Kommunalfinanzen vorgesehen &#8211; damit l\u00e4sst Schwarz-Gelb die St\u00e4dte und Kommunen im Regen stehen&#8220;, so der SPD-Politiker.<\/p>\n<p>Der von der SPD beantragte &#8222;Rettungsschirm f\u00fcr die Kommunen&#8220; wurde dagegen von der Regierungsmehrheit im Bundestag abgelehnt: &#8222;Wird nun auch die Abschaffung der Gewerbesteuer umgesetzt, droht das den St\u00e4dten und Gemeinden das Kreuz zu brechen.&#8220;<\/p>\n<p>F\u00fcr das kommende Jahr muss mit weiteren finanziellen Einschnitten gerechnet werden. Die im Grundgesetz verankerte Schuldenbremse verlangt ab 2011 eine j\u00e4hrliche Einsparung von 10 Milliarden Euro im Bundeshaushalt. Allerdings will der Finanzminister aus wahltaktischen Erw\u00e4gungen erst nach der Landtagswahl in Nordrhein-Westfalen bekannt geben, an welchen Stellen gespart wird.<\/p>\n<p>Michael Groschek erkennt, dass &#8222;die Bundesregierung jetzt schon durch Tricks versucht, den Haushalt ein klein wenig zu entlasten.&#8220; Der SPD-Politiker meint damit die von der Koalition gesperrten 900 Millionen Euro f\u00fcr Eingliederungsma\u00dfnahmen der Bundesagentur f\u00fcr Arbeit. Wird diese Sperrung nicht aufgehoben, wirkt sich das faktisch wie eine K\u00fcrzung aus und entlastet damit den Bundeshaushalt. Jobcentern, wie in Oberhausen und Dinslaken, fehlen die Mittel f\u00fcr die Finanzierung von Eingliederungsma\u00dfnahmen und die Arbeitssuchenden verlieren ihre Perspektiven.<\/p>\n<p>&#8222;Die Finanzpolitik von Union und FDP wird auf dem R\u00fccken der St\u00e4dte und Gemeinden und der Arbeitssuchenden ausgetragen. Die B\u00fcrgerinnen und B\u00fcrger merken dies. Am Tag der Landtagswahl in NRW werden sie durch die richtige Wahlentscheidung ein &#8222;weiter so&#8220; zu verhindern wissen&#8220;, betonte Groschek.<\/p>\n","protected":false},"excerpt":{"rendered":"<p>Anl\u00e4sslich des am Freitag im Deutschen Bundestag verabschiedeten Bundeshaushalts f\u00fcr das Jahr 2010, zeigt sich der Bundesabgeordnete aus Oberhausen\/Dinslaken und Generalsekret\u00e4r der NRWSPD besorgt \u00fcber die weitere Handlungsf\u00e4higkeit unserer St\u00e4dte&hellip; <\/p>\n","protected":false},"author":1,"featured_media":0,"comment_status":"closed","ping_status":"closed","sticky":false,"template":"","format":"standard","meta":{"footnotes":""},"categories":[1],"tags":[],"quellen":[],"class_list":["post-761","post","type-post","status-publish","format-standard","hentry","category-allgemein"],"_links":{"self":[{"href":"https:\/\/meier-gerdingh.de\/wp-spd-ob\/wp-json\/wp\/v2\/posts\/761","targetHints":{"allow":["GET"]}}],"collection":[{"href":"https:\/\/meier-gerdingh.de\/wp-spd-ob\/wp-json\/wp\/v2\/posts"}],"about":[{"href":"https:\/\/meier-gerdingh.de\/wp-spd-ob\/wp-json\/wp\/v2\/types\/post"}],"author":[{"embeddable":true,"href":"https:\/\/meier-gerdingh.de\/wp-spd-ob\/wp-json\/wp\/v2\/users\/1"}],"replies":[{"embeddable":true,"href":"https:\/\/meier-gerdingh.de\/wp-spd-ob\/wp-json\/wp\/v2\/comments?post=761"}],"version-history":[{"count":0,"href":"https:\/\/meier-gerdingh.de\/wp-spd-ob\/wp-json\/wp\/v2\/posts\/761\/revisions"}],"wp:attachment":[{"href":"https:\/\/meier-gerdingh.de\/wp-spd-ob\/wp-json\/wp\/v2\/media?parent=761"}],"wp:term":[{"taxonomy":"category","embeddable":true,"href":"https:\/\/meier-gerdingh.de\/wp-spd-ob\/wp-json\/wp\/v2\/categories?post=761"},{"taxonomy":"post_tag","embeddable":true,"href":"https:\/\/meier-gerdingh.de\/wp-spd-ob\/wp-json\/wp\/v2\/tags?post=761"},{"taxonomy":"quellen","embeddable":true,"href":"https:\/\/meier-gerdingh.de\/wp-spd-ob\/wp-json\/wp\/v2\/quellen?post=761"}],"curies":[{"name":"wp","href":"https:\/\/api.w.org\/{rel}","templated":true}]}}