{"id":7615,"date":"2020-09-10T13:31:38","date_gmt":"2020-09-10T11:31:38","guid":{"rendered":"https:\/\/meier-gerdingh.de\/wp-spd-ob\/?p=7615"},"modified":"2020-09-10T13:31:38","modified_gmt":"2020-09-10T11:31:38","slug":"armutsbekaempfung-steht-weiter-auf-der-agenda","status":"publish","type":"post","link":"https:\/\/meier-gerdingh.de\/wp-spd-ob\/2020\/09\/10\/armutsbekaempfung-steht-weiter-auf-der-agenda\/","title":{"rendered":"Armutsbek\u00e4mpfung steht weiter auf der Agenda"},"content":{"rendered":"<div id=\"attachment_6411\" style=\"width: 190px\" class=\"wp-caption alignleft\"><a href=\"https:\/\/meier-gerdingh.de\/wp-spd-ob\/wp-content\/uploads\/2019\/06\/14_telli_ercan_1000.jpg\"><img aria-describedby=\"caption-attachment-6411\" decoding=\"async\" class=\"size-full wp-image-6411\" src=\"https:\/\/meier-gerdingh.de\/wp-spd-ob\/wp-content\/uploads\/2019\/06\/14_telli_ercan.jpg\" alt=\"\" width=\"180\" height=\"180\" srcset=\"https:\/\/meier-gerdingh.de\/wp-spd-ob\/wp-content\/uploads\/2019\/06\/14_telli_ercan.jpg 180w, https:\/\/meier-gerdingh.de\/wp-spd-ob\/wp-content\/uploads\/2019\/06\/14_telli_ercan-150x150.jpg 150w\" sizes=\"(max-width: 180px) 100vw, 180px\" \/><\/a><p id=\"caption-attachment-6411\" class=\"wp-caption-text\">Ercan Telli ist sozialpolitischer Sprecher der SPD-Fraktion<\/p><\/div>\n<p>Der Appell der Arbeitsgemeinschaft der freien Wohlfahrtsverb\u00e4nde (AWG), die Sozialpolitik trotz Wirtschaftskrise nicht zu vernachl\u00e4ssigen, wird von der SPD-Fraktion im Rat ausdr\u00fccklich unterst\u00fctzt. &#8222;Dass Caritas-Direktor Michael Kreuzfelder Gesellschaft und Politik mahnt, das Thema Armut nicht aus den Augen zu verlieren, ist richtig und wichtig&#8220;, sagt Ercan Telli, sozialpolitischer Sprecher der SPD-Fraktion.<\/p>\n<p>Die Sozialdemokraten seien sich der Tatsache bewusst, dass Probleme wie Armut und Arbeitslosigkeit auch zuk\u00fcnftig mit Wille und kreativen Konzepten angegangen werden m\u00fcssen. &#8222;Darauf k\u00f6nnen sich die Menschen in Oberhausen und die AWG verlassen&#8220;, verspricht Telli.<!--more--><\/p>\n<p>Die Partei habe mit den Ideen etwa f\u00fcr die Sozialkonferenz und die Quartiersb\u00fcros bewiesen, ebenso schl\u00fcssige wie mehrheitsf\u00e4hige Konzepte der Armutsbek\u00e4mpfung entwickeln zu k\u00f6nnen. &#8222;Und das werden wir auch in Zukunft gemeinsam mit allen Parteien und Gruppen im Rat, die wirklich willens sind, und der AWG gerne weiter tun&#8220;, so Telli.<\/p>\n","protected":false},"excerpt":{"rendered":"<p>Der Appell der Arbeitsgemeinschaft der freien Wohlfahrtsverb\u00e4nde (AWG), die Sozialpolitik trotz Wirtschaftskrise nicht zu vernachl\u00e4ssigen, wird von der SPD-Fraktion im Rat ausdr\u00fccklich unterst\u00fctzt. &#8222;Dass Caritas-Direktor Michael Kreuzfelder Gesellschaft und Politik&hellip; <\/p>\n","protected":false},"author":1,"featured_media":0,"comment_status":"closed","ping_status":"closed","sticky":false,"template":"","format":"standard","meta":{"footnotes":""},"categories":[174],"tags":[2512,1594,2511,2510,2513,1515,2450,2514],"quellen":[326],"class_list":["post-7615","post","type-post","status-publish","format-standard","hentry","category-arbeit-und-soziales","tag-arbeitsgemeinschaft-der-freien-wohlfahrtsverbaende","tag-arbeitslosigkeit","tag-armut","tag-armutsbekaempfung","tag-awg","tag-caritas","tag-quartiersbueros","tag-sozialkonferent","quellen-spd-fraktion-oberhausen"],"_links":{"self":[{"href":"https:\/\/meier-gerdingh.de\/wp-spd-ob\/wp-json\/wp\/v2\/posts\/7615","targetHints":{"allow":["GET"]}}],"collection":[{"href":"https:\/\/meier-gerdingh.de\/wp-spd-ob\/wp-json\/wp\/v2\/posts"}],"about":[{"href":"https:\/\/meier-gerdingh.de\/wp-spd-ob\/wp-json\/wp\/v2\/types\/post"}],"author":[{"embeddable":true,"href":"https:\/\/meier-gerdingh.de\/wp-spd-ob\/wp-json\/wp\/v2\/users\/1"}],"replies":[{"embeddable":true,"href":"https:\/\/meier-gerdingh.de\/wp-spd-ob\/wp-json\/wp\/v2\/comments?post=7615"}],"version-history":[{"count":0,"href":"https:\/\/meier-gerdingh.de\/wp-spd-ob\/wp-json\/wp\/v2\/posts\/7615\/revisions"}],"wp:attachment":[{"href":"https:\/\/meier-gerdingh.de\/wp-spd-ob\/wp-json\/wp\/v2\/media?parent=7615"}],"wp:term":[{"taxonomy":"category","embeddable":true,"href":"https:\/\/meier-gerdingh.de\/wp-spd-ob\/wp-json\/wp\/v2\/categories?post=7615"},{"taxonomy":"post_tag","embeddable":true,"href":"https:\/\/meier-gerdingh.de\/wp-spd-ob\/wp-json\/wp\/v2\/tags?post=7615"},{"taxonomy":"quellen","embeddable":true,"href":"https:\/\/meier-gerdingh.de\/wp-spd-ob\/wp-json\/wp\/v2\/quellen?post=7615"}],"curies":[{"name":"wp","href":"https:\/\/api.w.org\/{rel}","templated":true}]}}