{"id":763,"date":"2010-04-14T16:00:00","date_gmt":"2010-04-14T14:00:00","guid":{"rendered":"http:\/\/www.meier-gerdingh.de\/spd-oberhausen\/wp\/?p=763"},"modified":"2017-05-16T17:09:24","modified_gmt":"2017-05-16T15:09:24","slug":"smarter-wahlkampf","status":"publish","type":"post","link":"https:\/\/meier-gerdingh.de\/wp-spd-ob\/2010\/04\/14\/smarter-wahlkampf\/","title":{"rendered":"&#8222;Smarter&#8220; Wahlkampf"},"content":{"rendered":"<div style=\"width: 210px\" class=\"wp-caption alignleft\"><a href=\"http:\/\/meier-gerdingh.de\/wp-spd-ob\/wp-content\/uploads\/grobroe_zimkeit_smarts.jpg\"><img decoding=\"async\" class=\"size-full\" src=\"http:\/\/meier-gerdingh.de\/wp-spd-ob\/wp-content\/uploads\/grobroe_zimkeit_smarts.jpg\" alt=\"Wolfgang Gro\u00dfe Br\u00f6mer und Stefan Zimkeit pr\u00e4sentieren ihre Wahlkampf-Smarts\" width=\"200\" height=\"134\" \/><\/a><p class=\"wp-caption-text\">Wolfgang Gro\u00dfe Br\u00f6mer und Stefan Zimkeit pr\u00e4sentieren ihre Wahlkampf-Smarts<\/p><\/div>\n<p>Viel unterwegs sind die beiden Oberhausener SPD-Landtagskandidaten Wolfgang Gro\u00dfe Br\u00f6mer und Stefan Zimkeit zur Zeit im Wahlkampf. Und nun k\u00f6nnen alle Interessierten noch besser feststellen, wo. Denn Gro\u00dfe Br\u00f6mer und Zimkeit sind in der hei\u00dfen Phase des Wahlkampfes mit ihren Wahlkampfmobilen unterwegs.<!--more--><\/p>\n<p>Die Smarts der Landtagskandidaten sind nat\u00fcrlich rot beklebt. &#8222;Die Fahrzeuge haben zwei gro\u00dfe Vorteile&#8220;, so Wolfgang Gro\u00dfe Br\u00f6mer augenzwinkernd: &#8222;Sie haben einen geringen Benzinverbrauch. Und man findet fast \u00fcberall einen Parkplatz.&#8220;<\/p>\n<p>Wer genau wissen will, wo Wolfgang Gro\u00dfe Br\u00f6mer und Stefan Zimkeit mit ihren Wahlkampfsmarts zu finden sind, kann sich auf den Websites <a class=\"normal\" href=\"http:\/\/www.grosse-broemer.de\" target=\"_blank\" rel=\"noopener noreferrer\">www.grosse-broemer.de<\/a> und <a class=\"normal\" href=\"http:\/\/www.zimkeit.de\" target=\"_blank\" rel=\"noopener noreferrer\">ww.stefan-zimkeit.de<\/a> informieren.<\/p>\n","protected":false},"excerpt":{"rendered":"<p>Viel unterwegs sind die beiden Oberhausener SPD-Landtagskandidaten Wolfgang Gro\u00dfe Br\u00f6mer und Stefan Zimkeit zur Zeit im Wahlkampf. Und nun k\u00f6nnen alle Interessierten noch besser feststellen, wo. Denn Gro\u00dfe Br\u00f6mer und&hellip; <\/p>\n","protected":false},"author":1,"featured_media":0,"comment_status":"closed","ping_status":"closed","sticky":false,"template":"","format":"standard","meta":{"footnotes":""},"categories":[1],"tags":[],"quellen":[],"class_list":["post-763","post","type-post","status-publish","format-standard","hentry","category-allgemein"],"_links":{"self":[{"href":"https:\/\/meier-gerdingh.de\/wp-spd-ob\/wp-json\/wp\/v2\/posts\/763","targetHints":{"allow":["GET"]}}],"collection":[{"href":"https:\/\/meier-gerdingh.de\/wp-spd-ob\/wp-json\/wp\/v2\/posts"}],"about":[{"href":"https:\/\/meier-gerdingh.de\/wp-spd-ob\/wp-json\/wp\/v2\/types\/post"}],"author":[{"embeddable":true,"href":"https:\/\/meier-gerdingh.de\/wp-spd-ob\/wp-json\/wp\/v2\/users\/1"}],"replies":[{"embeddable":true,"href":"https:\/\/meier-gerdingh.de\/wp-spd-ob\/wp-json\/wp\/v2\/comments?post=763"}],"version-history":[{"count":0,"href":"https:\/\/meier-gerdingh.de\/wp-spd-ob\/wp-json\/wp\/v2\/posts\/763\/revisions"}],"wp:attachment":[{"href":"https:\/\/meier-gerdingh.de\/wp-spd-ob\/wp-json\/wp\/v2\/media?parent=763"}],"wp:term":[{"taxonomy":"category","embeddable":true,"href":"https:\/\/meier-gerdingh.de\/wp-spd-ob\/wp-json\/wp\/v2\/categories?post=763"},{"taxonomy":"post_tag","embeddable":true,"href":"https:\/\/meier-gerdingh.de\/wp-spd-ob\/wp-json\/wp\/v2\/tags?post=763"},{"taxonomy":"quellen","embeddable":true,"href":"https:\/\/meier-gerdingh.de\/wp-spd-ob\/wp-json\/wp\/v2\/quellen?post=763"}],"curies":[{"name":"wp","href":"https:\/\/api.w.org\/{rel}","templated":true}]}}