{"id":764,"date":"2010-04-15T16:00:00","date_gmt":"2010-04-15T14:00:00","guid":{"rendered":"http:\/\/www.meier-gerdingh.de\/spd-oberhausen\/wp\/?p=764"},"modified":"2017-05-16T17:09:16","modified_gmt":"2017-05-16T15:09:16","slug":"wolfgang-grosse-broemer-kritisiert-plaene-der-landesregierung","status":"publish","type":"post","link":"https:\/\/meier-gerdingh.de\/wp-spd-ob\/2010\/04\/15\/wolfgang-grosse-broemer-kritisiert-plaene-der-landesregierung\/","title":{"rendered":"Wolfgang Gro\u00dfe Br\u00f6mer kritisiert Pl\u00e4ne der Landesregierung"},"content":{"rendered":"<div style=\"width: 150px\" class=\"wp-caption alignleft\"><a href=\"http:\/\/meier-gerdingh.de\/wp-spd-ob\/wp-content\/uploads\/grosse_broemer_wolfgang_09.jpg\"><img decoding=\"async\" class=\"size-full\" src=\"http:\/\/meier-gerdingh.de\/wp-spd-ob\/wp-content\/uploads\/grosse_broemer_wolfgang_09.jpg\" alt=\"Wolfgang Gro\u00dfe Br\u00f6mer ist Vorsitzender der SPD-Ratsfraktion und Mitglied des Landtags NRW\" width=\"140\" height=\"169\" \/><\/a><p class=\"wp-caption-text\">Wolfgang Gro\u00dfe Br\u00f6mer ist Vorsitzender der SPD-Ratsfraktion und Mitglied des Landtags NRW<\/p><\/div>\n<p>Der Plan der Landesregierung, die Internationale Bauausstellung (IBA) unter dem Titel &#8222;Emschertal 2020&#8220; neu aufzulegen, st\u00f6\u00dft auf heftige Kritik der SPD-Fraktionsvorsitzenden im Ruhrgebiet. &#8222;Miese Umfragewerte und die Angst vor dem Scheitern bei der Landtagswahl entflammen bei Herrn R\u00fcttgers pl\u00f6tzlich ganz neue Leidenschaften f\u00fcr das Ruhrgebiet&#8220;, kommentierte Oberhausens SPD-Fraktionschef Wolfgang Gro\u00dfe Br\u00f6mer im Anschluss an die letzte Sitzung der Fraktionsvorsitzendenkonferenz Ruhr.<!--more--><\/p>\n<p>Die Runde der Kommunalpolitiker war sich einig, dass zun\u00e4chst die Frage der weiteren Finanzierung von Projekten, die im Rahmen der ersten IBA realisiert wurden, gekl\u00e4rt werden m\u00fcsse.<\/p>\n<p>Gro\u00dfe Br\u00f6mer: &#8222;Bis heute wissen wir nicht, wie sich die Landesregierung beispielsweise die Perspektive des Gasometers in Oberhausen oder der Zeche Zollverein vorstellt. Bevor R\u00fcttgers hier ein neues Fass mit weiteren Folgekosten f\u00fcr die Ruhrgebietsst\u00e4dte aufmacht, sollte er erst einmal daf\u00fcr sorgen, bestehende Einrichtungen finanziell abzusichern. W\u00e4hrend aus wahlkampftaktischen Gr\u00fcnden mit der Aussicht auf 200 Mio. \u20ac Anschubfinanzierung Bratenduft verbreitet wird, ist die Realit\u00e4t im Ruhrgebiet gepr\u00e4gt von Diskussionen um Schlie\u00dfungen von Schulen, Schwimmb\u00e4dern und Kultureinrichtungen.&#8220;<\/p>\n<p>Die Fraktionsvorsitzendenkonferenz forderte in diesem Zusammenhang erneut die Landesregierung auf, endlich f\u00fcr eine angemessene finanzielle Ausstattung der notleidenden St\u00e4dte in NRW zu sorgen.<\/p>\n","protected":false},"excerpt":{"rendered":"<p>Der Plan der Landesregierung, die Internationale Bauausstellung (IBA) unter dem Titel &#8222;Emschertal 2020&#8220; neu aufzulegen, st\u00f6\u00dft auf heftige Kritik der SPD-Fraktionsvorsitzenden im Ruhrgebiet. &#8222;Miese Umfragewerte und die Angst vor dem&hellip; <\/p>\n","protected":false},"author":1,"featured_media":0,"comment_status":"closed","ping_status":"closed","sticky":false,"template":"","format":"standard","meta":{"footnotes":""},"categories":[1],"tags":[],"quellen":[],"class_list":["post-764","post","type-post","status-publish","format-standard","hentry","category-allgemein"],"_links":{"self":[{"href":"https:\/\/meier-gerdingh.de\/wp-spd-ob\/wp-json\/wp\/v2\/posts\/764","targetHints":{"allow":["GET"]}}],"collection":[{"href":"https:\/\/meier-gerdingh.de\/wp-spd-ob\/wp-json\/wp\/v2\/posts"}],"about":[{"href":"https:\/\/meier-gerdingh.de\/wp-spd-ob\/wp-json\/wp\/v2\/types\/post"}],"author":[{"embeddable":true,"href":"https:\/\/meier-gerdingh.de\/wp-spd-ob\/wp-json\/wp\/v2\/users\/1"}],"replies":[{"embeddable":true,"href":"https:\/\/meier-gerdingh.de\/wp-spd-ob\/wp-json\/wp\/v2\/comments?post=764"}],"version-history":[{"count":0,"href":"https:\/\/meier-gerdingh.de\/wp-spd-ob\/wp-json\/wp\/v2\/posts\/764\/revisions"}],"wp:attachment":[{"href":"https:\/\/meier-gerdingh.de\/wp-spd-ob\/wp-json\/wp\/v2\/media?parent=764"}],"wp:term":[{"taxonomy":"category","embeddable":true,"href":"https:\/\/meier-gerdingh.de\/wp-spd-ob\/wp-json\/wp\/v2\/categories?post=764"},{"taxonomy":"post_tag","embeddable":true,"href":"https:\/\/meier-gerdingh.de\/wp-spd-ob\/wp-json\/wp\/v2\/tags?post=764"},{"taxonomy":"quellen","embeddable":true,"href":"https:\/\/meier-gerdingh.de\/wp-spd-ob\/wp-json\/wp\/v2\/quellen?post=764"}],"curies":[{"name":"wp","href":"https:\/\/api.w.org\/{rel}","templated":true}]}}