{"id":7647,"date":"2020-09-23T18:24:18","date_gmt":"2020-09-23T16:24:18","guid":{"rendered":"https:\/\/meier-gerdingh.de\/wp-spd-ob\/?p=7647"},"modified":"2020-09-23T18:26:41","modified_gmt":"2020-09-23T16:26:41","slug":"nrw-laesst-oberhausen-in-der-krise-im-stich","status":"publish","type":"post","link":"https:\/\/meier-gerdingh.de\/wp-spd-ob\/2020\/09\/23\/nrw-laesst-oberhausen-in-der-krise-im-stich\/","title":{"rendered":"NRW l\u00e4sst Oberhausen in der Krise im Stich"},"content":{"rendered":"<p>Deutliche Kritik \u00fcbt SPD-Oberb\u00fcrgermeisterkandidat Thorsten Berg am Haushaltsentwurf der CDU-FDP-Landesregierung. &#8222;Das Land l\u00e4sst Oberhausen im Stich&#8220;, \u00e4rgert sich Berg. &#8222;Der Landesfinanzminister erstattet sich aus dem NRW-Rettungsschirm seine Steuerausf\u00e4lle. Die St\u00e4dte gehen hingegen leer aus.&#8220;<\/p>\n<p>Emp\u00f6rt ist Thorsten Berg \u00fcber die Weigerung der Laschet-Regierung, sich an einer L\u00f6sung f\u00fcr die Altschulden der St\u00e4dte insbesondere im Ruhrgebiet zu beteiligen: &#8222;Die Tatenlosigkeit von CDU und FDP ist eine Katastrophe f\u00fcr die Menschen f\u00fcr Oberhausen. Dadurch wird unsere Stadt in die Handlungsunf\u00e4higkeit getrieben&#8220;, so Berg.<!--more--><\/p>\n<p>&#8222;Der Entwurf des Landeshaushaltes ist vom Egoismus der Landesregierung gepr\u00e4gt&#8220;, sagt Stefan Zimkeit. Der SPD-Haushaltsexperte vermisst Hilfen f\u00fcr Familien, Bildung sowie notleidende Branchen, zu denen insbesondere die Gastronomie, Schausteller und Veranstalter geh\u00f6ren. &#8222;Statt um die Rettung von Arbeitspl\u00e4tzen geht es vor allem um die Rettung der Laschet-Regierung.&#8220;<\/p>\n<p>&#8222;Gro\u00dfer Verlierer bei den Ank\u00fcndigungen des Finanzministers sind die St\u00e4dte, die mit Krediten abgespeist werden sollen.&#8220; Stefan Zimkeit fordert eine Erstattung der kommunalen Einnahmeausf\u00e4lle f\u00fcr 2021 und 2022. &#8222;Ansonsten m\u00fcssten die Menschen vor Ort mit Leistungsk\u00fcrzungen und Steuererh\u00f6hungen die Zeche zahlen.&#8220;<\/p>\n<p>Was das Land in der Krise brauche, ist entschlossenes Handeln f\u00fcr den Erhalt von Arbeitspl\u00e4tzen, bessere Bildung, lebenswerte Innenst\u00e4dte und sozialen Zusammenhalt. &#8222;Ministerpr\u00e4sident Laschet und Finanzminister Lienenk\u00e4mper beschr\u00e4nken sich stattdessen aufs Sch\u00f6nf\u00e4rben ihres Haushaltes.&#8220;<\/p>\n","protected":false},"excerpt":{"rendered":"<p>Deutliche Kritik \u00fcbt SPD-Oberb\u00fcrgermeisterkandidat Thorsten Berg am Haushaltsentwurf der CDU-FDP-Landesregierung. &#8222;Das Land l\u00e4sst Oberhausen im Stich&#8220;, \u00e4rgert sich Berg. &#8222;Der Landesfinanzminister erstattet sich aus dem NRW-Rettungsschirm seine Steuerausf\u00e4lle. Die St\u00e4dte&hellip; <\/p>\n","protected":false},"author":1,"featured_media":0,"comment_status":"closed","ping_status":"closed","sticky":false,"template":"","format":"standard","meta":{"footnotes":""},"categories":[2275,216,311],"tags":[1259,34,2228,14,565,2529,251,299,2323],"quellen":[331,327],"class_list":["post-7647","post","type-post","status-publish","format-standard","hentry","category-corona-krise","category-land","category-wirtschaft","tag-altschulden","tag-arbeitsplaetze","tag-coronavirus-krise","tag-kommunalfinanzen","tag-landeshaushalt","tag-nrw-rettungsschirm","tag-ob-kandidat","tag-oberbuergermeister-kandidat","tag-thorsten-berg","quellen-mdl-stefan-zimkeit","quellen-spd-unterbezirk-oberhausen"],"_links":{"self":[{"href":"https:\/\/meier-gerdingh.de\/wp-spd-ob\/wp-json\/wp\/v2\/posts\/7647","targetHints":{"allow":["GET"]}}],"collection":[{"href":"https:\/\/meier-gerdingh.de\/wp-spd-ob\/wp-json\/wp\/v2\/posts"}],"about":[{"href":"https:\/\/meier-gerdingh.de\/wp-spd-ob\/wp-json\/wp\/v2\/types\/post"}],"author":[{"embeddable":true,"href":"https:\/\/meier-gerdingh.de\/wp-spd-ob\/wp-json\/wp\/v2\/users\/1"}],"replies":[{"embeddable":true,"href":"https:\/\/meier-gerdingh.de\/wp-spd-ob\/wp-json\/wp\/v2\/comments?post=7647"}],"version-history":[{"count":0,"href":"https:\/\/meier-gerdingh.de\/wp-spd-ob\/wp-json\/wp\/v2\/posts\/7647\/revisions"}],"wp:attachment":[{"href":"https:\/\/meier-gerdingh.de\/wp-spd-ob\/wp-json\/wp\/v2\/media?parent=7647"}],"wp:term":[{"taxonomy":"category","embeddable":true,"href":"https:\/\/meier-gerdingh.de\/wp-spd-ob\/wp-json\/wp\/v2\/categories?post=7647"},{"taxonomy":"post_tag","embeddable":true,"href":"https:\/\/meier-gerdingh.de\/wp-spd-ob\/wp-json\/wp\/v2\/tags?post=7647"},{"taxonomy":"quellen","embeddable":true,"href":"https:\/\/meier-gerdingh.de\/wp-spd-ob\/wp-json\/wp\/v2\/quellen?post=7647"}],"curies":[{"name":"wp","href":"https:\/\/api.w.org\/{rel}","templated":true}]}}