{"id":7648,"date":"2020-09-25T20:00:13","date_gmt":"2020-09-25T18:00:13","guid":{"rendered":"https:\/\/meier-gerdingh.de\/wp-spd-ob\/?p=7648"},"modified":"2020-09-25T15:29:07","modified_gmt":"2020-09-25T13:29:07","slug":"spd-chef-dirk-voepel-weist-hausmann-kritik-zurueck","status":"publish","type":"post","link":"https:\/\/meier-gerdingh.de\/wp-spd-ob\/2020\/09\/25\/spd-chef-dirk-voepel-weist-hausmann-kritik-zurueck\/","title":{"rendered":"SPD-Chef Dirk V\u00f6pel weist Hausmann-Kritik zur\u00fcck"},"content":{"rendered":"<div id=\"attachment_1681\" style=\"width: 150px\" class=\"wp-caption alignleft\"><a href=\"https:\/\/meier-gerdingh.de\/wp-spd-ob\/wp-content\/uploads\/voepel_dirk_mdb.jpg\"><img aria-describedby=\"caption-attachment-1681\" decoding=\"async\" class=\"size-full wp-image-1681\" src=\"https:\/\/meier-gerdingh.de\/wp-spd-ob\/wp-content\/uploads\/voepel_dirk_mdb.jpg\" alt=\"\" width=\"140\" height=\"180\" \/><\/a><p id=\"caption-attachment-1681\" class=\"wp-caption-text\">Dirk V\u00f6pel ist Bundestagsabgeordneter f\u00fcr Oberhausen und Dinslaken und Vorsitzender der Oberhausener SPD<\/p><\/div>\n<p>Eher verwundert als beeindruckt zeigt sich SPD-Chef Dirk V\u00f6pel \u00fcber die von Emp\u00f6rung triefende Reaktion seines CDU-Kollegen Wilhelm Hausmann auf die Flugblattverteilung zur geplanten Bordell-Verlagerung. &#8222;Wenn der CDU-Vorsitzende verbal derart Amok l\u00e4uft und das HB-M\u00e4nnchen gibt, dann haben wir mit dem Thema offensichtlich einen wunden Punkt getroffen. Denn was trifft, trifft in der Regel auch zu.&#8220;<\/p>\n<p>Fakt sei doch, dass sich Schranz vor f\u00fcnf Jahren mit seinem allzu forschen Wahlversprechen einer Verlagerung des Rotlichtbezirks ganz allein die Suppe eingebrockt habe, die andere in der Stadt jetzt f\u00fcr ihn ausl\u00f6ffeln sollen. &#8222;F\u00fcnf Jahre ist nichts passiert. Dann taucht pl\u00f6tzlich eine bisher unter Verschluss gehaltene Liste m\u00f6glicher neuer Standorte auf. Und das sollen wir in der \u00d6ffentlichkeit nicht thematisieren d\u00fcrfen? Das ist ja l\u00e4cherlich!&#8220;, so V\u00f6pel w\u00f6rtlich.<!--more--><\/p>\n<p>V\u00f6llig entgleist sei der Oberhausener CDU-Vorsitzende auch mit dem Vorwurf, die SPD betreibe Populismus wie Trump und die AfD. Dirk V\u00f6pel: &#8222;Keine andere Partei hat in diesem Wahlkampf so leidenschaftlich, konsequent und un\u00fcbersehbar gegen Hass und Hetze von rechts gek\u00e4mpft wie die SPD. Und darauf bin ich sehr stolz.&#8220;<\/p>\n<p>Mit Blick auf die Ank\u00fcndigung von Hausmann, unter Umst\u00e4nden keine Koalitionsverhandlungen mit der SPD aufzunehmen, bemerkt V\u00f6pel lapidar: &#8222;Ich bin schon schlimmer bedroht worden&#8220;.<\/p>\n","protected":false},"excerpt":{"rendered":"<p>Eher verwundert als beeindruckt zeigt sich SPD-Chef Dirk V\u00f6pel \u00fcber die von Emp\u00f6rung triefende Reaktion seines CDU-Kollegen Wilhelm Hausmann auf die Flugblattverteilung zur geplanten Bordell-Verlagerung. &#8222;Wenn der CDU-Vorsitzende verbal derart&hellip; <\/p>\n","protected":false},"author":1,"featured_media":0,"comment_status":"closed","ping_status":"closed","sticky":false,"template":"","format":"standard","meta":{"footnotes":""},"categories":[167],"tags":[2517,934,251,402,2323],"quellen":[327],"class_list":["post-7648","post","type-post","status-publish","format-standard","hentry","category-stadtteile","tag-bordell-verlagerung","tag-flasshofstrasse","tag-ob-kandidat","tag-rotlichtviertel","tag-thorsten-berg","quellen-spd-unterbezirk-oberhausen"],"_links":{"self":[{"href":"https:\/\/meier-gerdingh.de\/wp-spd-ob\/wp-json\/wp\/v2\/posts\/7648","targetHints":{"allow":["GET"]}}],"collection":[{"href":"https:\/\/meier-gerdingh.de\/wp-spd-ob\/wp-json\/wp\/v2\/posts"}],"about":[{"href":"https:\/\/meier-gerdingh.de\/wp-spd-ob\/wp-json\/wp\/v2\/types\/post"}],"author":[{"embeddable":true,"href":"https:\/\/meier-gerdingh.de\/wp-spd-ob\/wp-json\/wp\/v2\/users\/1"}],"replies":[{"embeddable":true,"href":"https:\/\/meier-gerdingh.de\/wp-spd-ob\/wp-json\/wp\/v2\/comments?post=7648"}],"version-history":[{"count":0,"href":"https:\/\/meier-gerdingh.de\/wp-spd-ob\/wp-json\/wp\/v2\/posts\/7648\/revisions"}],"wp:attachment":[{"href":"https:\/\/meier-gerdingh.de\/wp-spd-ob\/wp-json\/wp\/v2\/media?parent=7648"}],"wp:term":[{"taxonomy":"category","embeddable":true,"href":"https:\/\/meier-gerdingh.de\/wp-spd-ob\/wp-json\/wp\/v2\/categories?post=7648"},{"taxonomy":"post_tag","embeddable":true,"href":"https:\/\/meier-gerdingh.de\/wp-spd-ob\/wp-json\/wp\/v2\/tags?post=7648"},{"taxonomy":"quellen","embeddable":true,"href":"https:\/\/meier-gerdingh.de\/wp-spd-ob\/wp-json\/wp\/v2\/quellen?post=7648"}],"curies":[{"name":"wp","href":"https:\/\/api.w.org\/{rel}","templated":true}]}}