{"id":7649,"date":"2020-09-25T14:51:18","date_gmt":"2020-09-25T12:51:18","guid":{"rendered":"https:\/\/meier-gerdingh.de\/wp-spd-ob\/?p=7649"},"modified":"2020-09-25T19:02:44","modified_gmt":"2020-09-25T17:02:44","slug":"eine-chipkarte-fuer-mehr-bildungsgerechtigkeit","status":"publish","type":"post","link":"https:\/\/meier-gerdingh.de\/wp-spd-ob\/2020\/09\/25\/eine-chipkarte-fuer-mehr-bildungsgerechtigkeit\/","title":{"rendered":"Eine Chipkarte f\u00fcr mehr Bildungsgerechtigkeit"},"content":{"rendered":"<div id=\"attachment_6411\" style=\"width: 190px\" class=\"wp-caption alignleft\"><a href=\"https:\/\/meier-gerdingh.de\/wp-spd-ob\/wp-content\/uploads\/2019\/06\/14_telli_ercan_1000.jpg\"><img aria-describedby=\"caption-attachment-6411\" decoding=\"async\" class=\"size-full wp-image-6411\" src=\"https:\/\/meier-gerdingh.de\/wp-spd-ob\/wp-content\/uploads\/2019\/06\/14_telli_ercan.jpg\" alt=\"\" width=\"180\" height=\"180\" srcset=\"https:\/\/meier-gerdingh.de\/wp-spd-ob\/wp-content\/uploads\/2019\/06\/14_telli_ercan.jpg 180w, https:\/\/meier-gerdingh.de\/wp-spd-ob\/wp-content\/uploads\/2019\/06\/14_telli_ercan-150x150.jpg 150w\" sizes=\"(max-width: 180px) 100vw, 180px\" \/><\/a><p id=\"caption-attachment-6411\" class=\"wp-caption-text\">Ercan Telli ist sozialpolitischer Sprecher der SPD-Fraktion<\/p><\/div>\n<p>&#8222;Wir hoffen sehr, den Abruf der Bildungs- und Teilhabemittel (BuT) durch den Einsatz der Bildungskarte nun endlich steigern zu k\u00f6nnen&#8220;, erkl\u00e4rt Ercan Telli, sozialpolitischer Sprecher der SPD-Fraktion.<\/p>\n<p>Diese Mittel erlauben es finanziell benachteiligten Kindern und Jugendlichen, Angebote in Schule und Freizeit nutzen zu k\u00f6nnen, die f\u00fcr ihre Familien sonst kaum oder gar nicht bezahlbar w\u00e4ren; das kann die Teilnahme an einer Klassenfahrt sein, Nachhilfeunterricht oder auch Hilfe beim Kauf von so grundlegenden Dingen wie Stiften und Heften f\u00fcr die Schule. Unterst\u00fctzung bei der Finanzierung von Vereinssportangeboten ist ebenso m\u00f6glich.<!--more--><\/p>\n<p>Anfang vergangenen Jahres hatte der Rat die Verwaltung damit beauftragt, ein Konzept zu entwickeln, mit dessen Hilfe der Abruf der Bildungs- und Teilhabemittel verbessert werden sollte.<\/p>\n<p>&#8222;Eine Studie des &#8218;Parit\u00e4tischen&#8216; hat unsere Bef\u00fcrchtungen best\u00e4tigt, dass mindestens 85 Prozent der leistungsberechtigten Kinder und Jugendlichen nicht von den BuT-Mitteln profitieren&#8220;, erkl\u00e4rt Telli. &#8222;Es war dringend geboten, dass wir f\u00fcr bessere Abrufquoten und damit auch ein St\u00fcck mehr Bildungsgerechtigkeit in Oberhausen sorgen&#8220;, so der Sozialpolitiker.<\/p>\n<p>Neben einer Aufstockung des mit BuT-Mitteln befassten Personals im Job-Center ist die Einf\u00fchrung der so genannten &#8222;Bildungskarte&#8220; eine weitere Ma\u00dfnahme. Dabei erhalten Leistungsempf\u00e4nger eine Chip-Karte, mit der sie aus den unterschiedlichen Bereichen wie Schule, Sport oder Nachhilfe Leistungen in Anspruch nehmen k\u00f6nnen. Die Kosten k\u00f6nnen mittels Karte von zuhause \u00fcberwiesen werden, eine direkte Bezahlung beim Anbieter ist ebenfalls m\u00f6glich.<\/p>\n<p>&#8222;Der B\u00fcrokratie-Aufwand wird f\u00fcr die Familien so extrem reduziert, die Nutzung ist sehr einfach&#8220;, so Telli. Noch in diesem Herbst sollen arme Kinder und Jugendliche in Oberhausen die Bildungskarte in Empfang nehmen und Angebote nutzen k\u00f6nnen, die sonst oft unerschwinglich gewesen w\u00e4ren.<\/p>\n","protected":false},"excerpt":{"rendered":"<p>&#8222;Wir hoffen sehr, den Abruf der Bildungs- und Teilhabemittel (BuT) durch den Einsatz der Bildungskarte nun endlich steigern zu k\u00f6nnen&#8220;, erkl\u00e4rt Ercan Telli, sozialpolitischer Sprecher der SPD-Fraktion. Diese Mittel erlauben&hellip; <\/p>\n","protected":false},"author":1,"featured_media":0,"comment_status":"closed","ping_status":"closed","sticky":false,"template":"","format":"standard","meta":{"footnotes":""},"categories":[231,2],"tags":[2530,1381,2532,2531,2533],"quellen":[326],"class_list":["post-7649","post","type-post","status-publish","format-standard","hentry","category-bildung","category-schule","tag-bildungs-und-teilhabemittel-but","tag-bildungs-und-teilhabepaket","tag-bildungsgerechtigkeit","tag-bildungskarte","tag-job-center","quellen-spd-fraktion-oberhausen"],"_links":{"self":[{"href":"https:\/\/meier-gerdingh.de\/wp-spd-ob\/wp-json\/wp\/v2\/posts\/7649","targetHints":{"allow":["GET"]}}],"collection":[{"href":"https:\/\/meier-gerdingh.de\/wp-spd-ob\/wp-json\/wp\/v2\/posts"}],"about":[{"href":"https:\/\/meier-gerdingh.de\/wp-spd-ob\/wp-json\/wp\/v2\/types\/post"}],"author":[{"embeddable":true,"href":"https:\/\/meier-gerdingh.de\/wp-spd-ob\/wp-json\/wp\/v2\/users\/1"}],"replies":[{"embeddable":true,"href":"https:\/\/meier-gerdingh.de\/wp-spd-ob\/wp-json\/wp\/v2\/comments?post=7649"}],"version-history":[{"count":0,"href":"https:\/\/meier-gerdingh.de\/wp-spd-ob\/wp-json\/wp\/v2\/posts\/7649\/revisions"}],"wp:attachment":[{"href":"https:\/\/meier-gerdingh.de\/wp-spd-ob\/wp-json\/wp\/v2\/media?parent=7649"}],"wp:term":[{"taxonomy":"category","embeddable":true,"href":"https:\/\/meier-gerdingh.de\/wp-spd-ob\/wp-json\/wp\/v2\/categories?post=7649"},{"taxonomy":"post_tag","embeddable":true,"href":"https:\/\/meier-gerdingh.de\/wp-spd-ob\/wp-json\/wp\/v2\/tags?post=7649"},{"taxonomy":"quellen","embeddable":true,"href":"https:\/\/meier-gerdingh.de\/wp-spd-ob\/wp-json\/wp\/v2\/quellen?post=7649"}],"curies":[{"name":"wp","href":"https:\/\/api.w.org\/{rel}","templated":true}]}}