{"id":7650,"date":"2020-09-25T19:59:04","date_gmt":"2020-09-25T17:59:04","guid":{"rendered":"https:\/\/meier-gerdingh.de\/wp-spd-ob\/?p=7650"},"modified":"2020-09-25T15:25:15","modified_gmt":"2020-09-25T13:25:15","slug":"thorsten-berg-weist-persoenliche-angriffe-zurueck","status":"publish","type":"post","link":"https:\/\/meier-gerdingh.de\/wp-spd-ob\/2020\/09\/25\/thorsten-berg-weist-persoenliche-angriffe-zurueck\/","title":{"rendered":"Thorsten Berg weist pers\u00f6nliche Angriffe zur\u00fcck"},"content":{"rendered":"<p>&#8222;Ich verstehe, dass die CDU wegen der unerwarteten Stichwahl nerv\u00f6s ist &#8211; das rechtfertigt aber nicht, mich und die SPD in die N\u00e4he von Trump und der AfD zu r\u00fccken&#8220;, kommentiert Thorsten Berg die \u00c4u\u00dferungen von CDU-Chef Wilhelm Hausmann zur Bordell-Verlagerung.<\/p>\n<p>&#8222;Vielleicht liegt es daran, dass ich nicht schon seit vielen Jahren Parteifunktion\u00e4r bin, aber ich finde, dass diese Form der Auseinandersetzung nicht weiterhilft&#8220;, sagt der SPD-Oberb\u00fcrgermeisterkandidat.<!--more--><\/p>\n<p>&#8222;Ein Schwerpunkt meines Wahlkampfes ist der Kampf gegen Rechtsextremismus, Hass und Gewalt&#8220;, unterstreicht Berg, der die Angriffe aus der CDU auch deshalb f\u00fcr pers\u00f6nlich beleidigend empfindet.<\/p>\n<p>&#8222;Ich lehne es weiterhin ab, dass mindestens 50 Millionen Euro f\u00fcr eine Bordell-Verlagerung ausgegeben werden, statt sie in Schulen und Kitas zu investieren. Ich halte es f\u00fcr falsch, dass die Menschen in den von einer m\u00f6glichen Verlagerung betroffenen Stadtteilen nicht offen und transparent informiert werden. Aber ich gestehe Herrn Hausmann und der CDU zu, dass sie andere Auffassungen vertreten&#8220;, so Thorsten Berg.<\/p>\n<p>&#8222;Als Oberb\u00fcrgermeister-Kandidat, der nicht aus der aktiven Parteipolitik kommt, glaube ich, dass die Menschen in Oberhausen keine pers\u00f6nlichen Auseinandersetzungen im Wahlkampf wollen, sondern Kontroversen in der Sache. Alles andere f\u00f6rdert nur extremistische Positionen und Politikm\u00fcdigkeit. Und davon haben wir schon viel zu viel&#8220;, sagt Thorsten Berg.<\/p>\n","protected":false},"excerpt":{"rendered":"<p>&#8222;Ich verstehe, dass die CDU wegen der unerwarteten Stichwahl nerv\u00f6s ist &#8211; das rechtfertigt aber nicht, mich und die SPD in die N\u00e4he von Trump und der AfD zu r\u00fccken&#8220;,&hellip; <\/p>\n","protected":false},"author":1,"featured_media":0,"comment_status":"closed","ping_status":"closed","sticky":false,"template":"","format":"standard","meta":{"footnotes":""},"categories":[167],"tags":[2517,934,251,863,402,1894,2323],"quellen":[327],"class_list":["post-7650","post","type-post","status-publish","format-standard","hentry","category-stadtteile","tag-bordell-verlagerung","tag-flasshofstrasse","tag-ob-kandidat","tag-rechtsextremismus","tag-rotlichtviertel","tag-stichwahl","tag-thorsten-berg","quellen-spd-unterbezirk-oberhausen"],"_links":{"self":[{"href":"https:\/\/meier-gerdingh.de\/wp-spd-ob\/wp-json\/wp\/v2\/posts\/7650","targetHints":{"allow":["GET"]}}],"collection":[{"href":"https:\/\/meier-gerdingh.de\/wp-spd-ob\/wp-json\/wp\/v2\/posts"}],"about":[{"href":"https:\/\/meier-gerdingh.de\/wp-spd-ob\/wp-json\/wp\/v2\/types\/post"}],"author":[{"embeddable":true,"href":"https:\/\/meier-gerdingh.de\/wp-spd-ob\/wp-json\/wp\/v2\/users\/1"}],"replies":[{"embeddable":true,"href":"https:\/\/meier-gerdingh.de\/wp-spd-ob\/wp-json\/wp\/v2\/comments?post=7650"}],"version-history":[{"count":0,"href":"https:\/\/meier-gerdingh.de\/wp-spd-ob\/wp-json\/wp\/v2\/posts\/7650\/revisions"}],"wp:attachment":[{"href":"https:\/\/meier-gerdingh.de\/wp-spd-ob\/wp-json\/wp\/v2\/media?parent=7650"}],"wp:term":[{"taxonomy":"category","embeddable":true,"href":"https:\/\/meier-gerdingh.de\/wp-spd-ob\/wp-json\/wp\/v2\/categories?post=7650"},{"taxonomy":"post_tag","embeddable":true,"href":"https:\/\/meier-gerdingh.de\/wp-spd-ob\/wp-json\/wp\/v2\/tags?post=7650"},{"taxonomy":"quellen","embeddable":true,"href":"https:\/\/meier-gerdingh.de\/wp-spd-ob\/wp-json\/wp\/v2\/quellen?post=7650"}],"curies":[{"name":"wp","href":"https:\/\/api.w.org\/{rel}","templated":true}]}}