{"id":7651,"date":"2020-09-25T15:28:31","date_gmt":"2020-09-25T13:28:31","guid":{"rendered":"https:\/\/meier-gerdingh.de\/wp-spd-ob\/?p=7651"},"modified":"2020-09-25T18:59:07","modified_gmt":"2020-09-25T16:59:07","slug":"brueckenbauarbeiten-wieder-schlecht-kommuniziert","status":"publish","type":"post","link":"https:\/\/meier-gerdingh.de\/wp-spd-ob\/2020\/09\/25\/brueckenbauarbeiten-wieder-schlecht-kommuniziert\/","title":{"rendered":"Br\u00fcckenbauarbeiten wieder schlecht kommuniziert"},"content":{"rendered":"<div id=\"attachment_5426\" style=\"width: 190px\" class=\"wp-caption alignleft\"><a href=\"https:\/\/meier-gerdingh.de\/wp-spd-ob\/wp-content\/uploads\/2018\/07\/14_krey_thomas_1000.jpg\"><img aria-describedby=\"caption-attachment-5426\" decoding=\"async\" class=\"size-full wp-image-5426\" src=\"https:\/\/meier-gerdingh.de\/wp-spd-ob\/wp-content\/uploads\/2018\/07\/14_krey_thomas.jpg\" alt=\"\" width=\"180\" height=\"180\" srcset=\"https:\/\/meier-gerdingh.de\/wp-spd-ob\/wp-content\/uploads\/2018\/07\/14_krey_thomas.jpg 180w, https:\/\/meier-gerdingh.de\/wp-spd-ob\/wp-content\/uploads\/2018\/07\/14_krey_thomas-150x150.jpg 150w\" sizes=\"(max-width: 180px) 100vw, 180px\" \/><\/a><p id=\"caption-attachment-5426\" class=\"wp-caption-text\">Thomas Krey ist Bezirksb\u00fcrgermeister von Osterfeld<\/p><\/div>\n<p>Unmittelbar vor Beginn der Br\u00fcckenbauarbeiten in Osterfeld am Montag hat SPD-Bezirksb\u00fcrgermeister Thomas Krey noch einmal die Kritik der Sozialdemokraten am Ablauf des Projektes untermauert. &#8222;Wenn die SPD nicht in der Bezirksvertretung auf Informationen zum Bau bestanden h\u00e4tte, w\u00e4re einmal mehr vor Beginn umfangreicher Arbeiten niemand informiert worden&#8220;, so Krey, der die Kommunikation der Verwaltung mit den B\u00fcrgerinnen und B\u00fcrgern dennoch als mangelhaft empfindet.<!--more--><\/p>\n<p>&#8222;Vier Tage vor Baubeginn erscheint eine d\u00fcrre Meldung auf dem Facebook-Auftritt der Stadt, vorher gibt\u2019s eine Pressekonferenz f\u00fcr die Zeitung, das war\u2019s dann auch schon. Das ist f\u00fcr ein Projekt dieser Gr\u00f6\u00dfenordnung deutlich zu wenig&#8220;, findet Thomas Krey, der die fehlende B\u00fcrgerbeteiligung bei diesem Projekt noch einmal deutlich macht.<\/p>\n<p>&#8222;Mit dem Hinweis, eine Verbesserung der Situation sei nur im Zuge der Br\u00fcckenbauarbeiten der Bahn m\u00f6glich, wurde eine Diskussion gar nicht erst gef\u00fchrt, von einer Beteiligung ganz zu schweigen&#8220;, moniert der Bezirksb\u00fcrgermeister.<\/p>\n<p>&#8222;Es bleibt fraglich, ob man die Unterf\u00fchrung unbedingt beidseitig mit breitem B\u00fcrgersteig und Radweg ausbauen muss, oder ob man nicht die Alternative f\u00fcr diejenigen Fu\u00dfg\u00e4nger und Radfahrer h\u00e4tte ert\u00fcchtigen sollen, die nicht direkt neben dem Autoverkehr durch die Unterf\u00fchrung laufen oder fahren wollen&#8220;, so Krey. &#8222;Diese Diskussion h\u00e4tte man f\u00fchren m\u00fcssen, wenn man es mit der B\u00fcrgerbeteiligung ernst meint.&#8220;<\/p>\n","protected":false},"excerpt":{"rendered":"<p>Unmittelbar vor Beginn der Br\u00fcckenbauarbeiten in Osterfeld am Montag hat SPD-Bezirksb\u00fcrgermeister Thomas Krey noch einmal die Kritik der Sozialdemokraten am Ablauf des Projektes untermauert. &#8222;Wenn die SPD nicht in der&hellip; <\/p>\n","protected":false},"author":1,"featured_media":0,"comment_status":"closed","ping_status":"closed","sticky":false,"template":"","format":"standard","meta":{"footnotes":""},"categories":[27,167],"tags":[185,133,41,2534],"quellen":[326],"class_list":["post-7651","post","type-post","status-publish","format-standard","hentry","category-planen-bauen-wohnen-verkehr","category-stadtteile","tag-bezirksvertretung-osterfeld","tag-buergerbeteiligung","tag-osterfeld","tag-unterfuehrung-osterfelder-strasse","quellen-spd-fraktion-oberhausen"],"_links":{"self":[{"href":"https:\/\/meier-gerdingh.de\/wp-spd-ob\/wp-json\/wp\/v2\/posts\/7651","targetHints":{"allow":["GET"]}}],"collection":[{"href":"https:\/\/meier-gerdingh.de\/wp-spd-ob\/wp-json\/wp\/v2\/posts"}],"about":[{"href":"https:\/\/meier-gerdingh.de\/wp-spd-ob\/wp-json\/wp\/v2\/types\/post"}],"author":[{"embeddable":true,"href":"https:\/\/meier-gerdingh.de\/wp-spd-ob\/wp-json\/wp\/v2\/users\/1"}],"replies":[{"embeddable":true,"href":"https:\/\/meier-gerdingh.de\/wp-spd-ob\/wp-json\/wp\/v2\/comments?post=7651"}],"version-history":[{"count":0,"href":"https:\/\/meier-gerdingh.de\/wp-spd-ob\/wp-json\/wp\/v2\/posts\/7651\/revisions"}],"wp:attachment":[{"href":"https:\/\/meier-gerdingh.de\/wp-spd-ob\/wp-json\/wp\/v2\/media?parent=7651"}],"wp:term":[{"taxonomy":"category","embeddable":true,"href":"https:\/\/meier-gerdingh.de\/wp-spd-ob\/wp-json\/wp\/v2\/categories?post=7651"},{"taxonomy":"post_tag","embeddable":true,"href":"https:\/\/meier-gerdingh.de\/wp-spd-ob\/wp-json\/wp\/v2\/tags?post=7651"},{"taxonomy":"quellen","embeddable":true,"href":"https:\/\/meier-gerdingh.de\/wp-spd-ob\/wp-json\/wp\/v2\/quellen?post=7651"}],"curies":[{"name":"wp","href":"https:\/\/api.w.org\/{rel}","templated":true}]}}