{"id":7654,"date":"2020-10-01T17:39:08","date_gmt":"2020-10-01T15:39:08","guid":{"rendered":"https:\/\/meier-gerdingh.de\/wp-spd-ob\/?p=7654"},"modified":"2020-10-27T20:02:02","modified_gmt":"2020-10-27T19:02:02","slug":"polizeipraesident-muss-perspektiven-aufzeigen","status":"publish","type":"post","link":"https:\/\/meier-gerdingh.de\/wp-spd-ob\/2020\/10\/01\/polizeipraesident-muss-perspektiven-aufzeigen\/","title":{"rendered":"Polizeipr\u00e4sident muss Perspektiven aufzeigen"},"content":{"rendered":"<div id=\"attachment_5396\" style=\"width: 190px\" class=\"wp-caption alignleft\"><a href=\"https:\/\/meier-gerdingh.de\/wp-spd-ob\/wp-content\/uploads\/2018\/07\/14_flore_manfred_1000.jpg\"><img aria-describedby=\"caption-attachment-5396\" decoding=\"async\" class=\"size-full wp-image-5396\" src=\"https:\/\/meier-gerdingh.de\/wp-spd-ob\/wp-content\/uploads\/2018\/07\/14_flore_manfred.jpg\" alt=\"\" width=\"180\" height=\"180\" srcset=\"https:\/\/meier-gerdingh.de\/wp-spd-ob\/wp-content\/uploads\/2018\/07\/14_flore_manfred.jpg 180w, https:\/\/meier-gerdingh.de\/wp-spd-ob\/wp-content\/uploads\/2018\/07\/14_flore_manfred-150x150.jpg 150w\" sizes=\"(max-width: 180px) 100vw, 180px\" \/><\/a><p id=\"caption-attachment-5396\" class=\"wp-caption-text\">Manfred Flore ist umwelt- und kulturpolitischer Sprecher der SPD-Ratsfraktion<\/p><\/div>\n<p>Am Freitag kommt der Polizeibeirat zu einer Sondersitzung zusammen. Dessen Mitglieder hatten sich daf\u00fcr ausgesprochen, mit dem Polizeipr\u00e4sidenten Alexander Dierselhuis das Thema &#8222;Rassismus in der Polizei Oberhausen&#8220; zu diskutieren. &#8222;Wir haben den ersch\u00fctternden Fall im Polizeipr\u00e4sidium Essen, wir erfahren gerade erst von einer rechten Chat-Gruppe in der Berliner Polizei, und wir haben sogar Verdachtsf\u00e4lle beim Verfassungsschutz unseres Landes&#8220;, z\u00e4hlt Beiratsmitglied Manfred Flore auf.<!--more--><\/p>\n<p>&#8222;Da kann nun wirklich niemand mehr von &#8218;bedauerlichen Einzelf\u00e4llen&#8216; sprechen&#8220;, so der SPD-Stadtverordnete. Flore erwartet neben vollst\u00e4ndiger Aufkl\u00e4rung \u00fcber die Situation in Oberhausen auch, dass der Beh\u00f6rdenleiter eine Perspektive aufzuzeigen vermag. &#8222;Falls wir keine F\u00e4lle bei der Oberhausener Polizei haben, was ich sehr hoffe, w\u00e4re dies kein Grund, sich zufrieden zur\u00fcckzulehnen&#8220;, so Flore.<\/p>\n<p>&#8222;Wir wollen auch wissen, was pr\u00e4ventiv bei der Polizei geschieht und wie Strukturen geschaffen werden, um derlei Gedankengut erst gar nicht aufkommen zu lassen&#8220;, erkl\u00e4rt der Stadtverordnete, der sich angesichts dieses Themas \u00fcber eine personelle Entscheidung freut: &#8222;Es ist gut, dass unsere Fraktionsvorsitzende Sonja Bongers ihre Expertise als Juristin und Mitglied des Innenausschusses des Landtags in den Beirat einbringen wird.&#8220;<\/p>\n","protected":false},"excerpt":{"rendered":"<p>Am Freitag kommt der Polizeibeirat zu einer Sondersitzung zusammen. Dessen Mitglieder hatten sich daf\u00fcr ausgesprochen, mit dem Polizeipr\u00e4sidenten Alexander Dierselhuis das Thema &#8222;Rassismus in der Polizei Oberhausen&#8220; zu diskutieren. &#8222;Wir&hellip; <\/p>\n","protected":false},"author":1,"featured_media":0,"comment_status":"closed","ping_status":"closed","sticky":false,"template":"","format":"standard","meta":{"footnotes":""},"categories":[404,7],"tags":[629,2548,2521,863],"quellen":[326],"class_list":["post-7654","post","type-post","status-publish","format-standard","hentry","category-gemeinsam-gegen-rechts","category-sicherheit","tag-polizeibeirat","tag-polzei-oberhausen","tag-rassismus","tag-rechtsextremismus","quellen-spd-fraktion-oberhausen"],"_links":{"self":[{"href":"https:\/\/meier-gerdingh.de\/wp-spd-ob\/wp-json\/wp\/v2\/posts\/7654","targetHints":{"allow":["GET"]}}],"collection":[{"href":"https:\/\/meier-gerdingh.de\/wp-spd-ob\/wp-json\/wp\/v2\/posts"}],"about":[{"href":"https:\/\/meier-gerdingh.de\/wp-spd-ob\/wp-json\/wp\/v2\/types\/post"}],"author":[{"embeddable":true,"href":"https:\/\/meier-gerdingh.de\/wp-spd-ob\/wp-json\/wp\/v2\/users\/1"}],"replies":[{"embeddable":true,"href":"https:\/\/meier-gerdingh.de\/wp-spd-ob\/wp-json\/wp\/v2\/comments?post=7654"}],"version-history":[{"count":0,"href":"https:\/\/meier-gerdingh.de\/wp-spd-ob\/wp-json\/wp\/v2\/posts\/7654\/revisions"}],"wp:attachment":[{"href":"https:\/\/meier-gerdingh.de\/wp-spd-ob\/wp-json\/wp\/v2\/media?parent=7654"}],"wp:term":[{"taxonomy":"category","embeddable":true,"href":"https:\/\/meier-gerdingh.de\/wp-spd-ob\/wp-json\/wp\/v2\/categories?post=7654"},{"taxonomy":"post_tag","embeddable":true,"href":"https:\/\/meier-gerdingh.de\/wp-spd-ob\/wp-json\/wp\/v2\/tags?post=7654"},{"taxonomy":"quellen","embeddable":true,"href":"https:\/\/meier-gerdingh.de\/wp-spd-ob\/wp-json\/wp\/v2\/quellen?post=7654"}],"curies":[{"name":"wp","href":"https:\/\/api.w.org\/{rel}","templated":true}]}}