{"id":7662,"date":"2020-10-12T22:31:38","date_gmt":"2020-10-12T20:31:38","guid":{"rendered":"https:\/\/meier-gerdingh.de\/wp-spd-ob\/?p=7662"},"modified":"2020-10-19T22:35:32","modified_gmt":"2020-10-19T20:35:32","slug":"jusos-waehlen-neuen-vorstand-und-sind-irritiert-ueber-ein-veraltetes-frauenbild","status":"publish","type":"post","link":"https:\/\/meier-gerdingh.de\/wp-spd-ob\/2020\/10\/12\/jusos-waehlen-neuen-vorstand-und-sind-irritiert-ueber-ein-veraltetes-frauenbild\/","title":{"rendered":"Jusos w\u00e4hlen neuen Vorstand und sind irritiert \u00fcber ein veraltetes Frauenbild"},"content":{"rendered":"<p><a href=\"https:\/\/meier-gerdingh.de\/wp-spd-ob\/wp-content\/uploads\/logo_jusos_oberhausen.gif\"><img decoding=\"async\" class=\"alignleft size-full wp-image-1506\" src=\"https:\/\/meier-gerdingh.de\/wp-spd-ob\/wp-content\/uploads\/logo_jusos_oberhausen.gif\" alt=\"\" width=\"189\" height=\"104\" \/><\/a>Vergangenen Samstag (10.10.2020) haben wir Jusos unsere Unterbezirkskonferenz im K14 abgehalten. Auf der Tagesordnung standen vor allem Vorstandswahlen. Mit Gianni Virgallita trat der aktuelle Vorsitzende nicht erneut an, auch Lukas Heilmann und Simon Theis hatten ihr Vorstandsamt schon im Vorfeld zur Verf\u00fcgung gestellt und waren aus pers\u00f6nlichen Gr\u00fcnden zur\u00fcckgetreten.<\/p>\n<p>An dieser Stelle m\u00f6chten wir uns f\u00fcr die Vorstandsarbeit des letzten Jahres bedanken, die durch die Corona-Pandemie schwerer als erwartet war.<!--more--><\/p>\n<p>Besonders bedanken wir uns bei Gianni f\u00fcr sein Engagement, das er seit 2015 in verschiedenen Positionen gezeigt hat. Wir wissen, dass du uns auch weiter unterst\u00fctzen wirst.<\/p>\n<p>Als Vorsitzender bewarb sich Tim Tzscheppan, der dieses Amt schon von 2016-2018 innehatte.<\/p>\n<p>Auch Christoph Knepper und Christin Becker bewarben sich nach kurzen Pausen erneut, diesmal als stellvertretende Vorsitzende.<\/p>\n<p>Erstmals kandidierten Yannik Berg, Jannik Hohmann und Christoph Horn als Beisitzer bei den Jusos Oberhausen. Saskia Fischer und Michele Horn kandidierten erneut, ein Platz bleibt vakant und soll schnellstm\u00f6glich besetzt werden. Der gesamte Vorstand wurde von der UBK mit einem gro\u00dfen Vertrauensvorsprung gew\u00e4hlt.<\/p>\n<p>Anschlie\u00dfend begr\u00fc\u00dften wir den MdB und Unterbezirksvorsitzenden der SPD Oberhausen Dirk V\u00f6pel, der in seinem Gru\u00dfwort eine gr\u00fcndliche Aufarbeitung der Wahlniederlage versprach und Umstrukturierungen in Aussicht stellte.<\/p>\n<p>Auch Neu-MdL Frederick Cordes, ebenfalls ein ehemaliger Vorsitzender der Jusos Oberhausen, nutzte die Chance, sich uns vorzustellen und verwies dabei darauf, dass er sich auch im Landtag f\u00fcr Juso-Themen einsetzen will.<\/p>\n<p>In der Antragsberatung \u00fcberwiesen wir zwei Antr\u00e4ge einstimmig an den Parteitag der Oberhausener SPD im November. In diesen fordern die wir, dass Oberhausen sich zu einem sicheren Hafen f\u00fcr Gefl\u00fcchtete erkl\u00e4rt, sowie die Gr\u00fcndung eines Diskussionsforums zur Schaffung eines Sozial\u00f6kologischen Oberhausen.<\/p>\n<p>Besonders gefreut haben wir uns \u00fcber die gro\u00dfe Anzahl an Neumitgliedern, dass l\u00e4sst den Vorstand gest\u00e4rkt in die Zukunft blicken.<\/p>\n<p>Weniger erfreut waren wir \u00fcber die Berichterstattung, \u00fcber unsere politische Wahrnehmbarkeit kann man streiten, ob wir uns in Detailfragen verhangen haben, werden wir diskutieren m\u00fcssen, wo wir aber auf jeden Fall und ohne jeden Zweifel widersprechen, ist dem Weltbild, was der Autor des Artikels offenbart.<\/p>\n<p>Hier spricht er sinngem\u00e4\u00df von jungen Frauen, die mehr mit dem Ruhighalten der anwesenden Kinder besch\u00e4ftigt sind als mit der Sitzung.<\/p>\n<p>Wir wehren uns gegen diesen &#8222;Vorwurf&#8220;, seit Jahren suchen Parteien nach jungen Frauen, die bereit sind sich politisch zu engagieren, oft wird jungen Frauen vorgeworfen, wegen der Familie unflexibel zu sein, bei uns ist die Vereinbarkeit zwischen Familie und Politischem Engagement gelebte Praxis.<\/p>\n<p>Auch deshalb werden unsere Sitzungen auch in Zukunft f\u00fcr junge Familien und insbesondere junge Frauen mit Kindern offen sein. Denn starre und veraltete Rollenbilder geh\u00f6ren abgeschafft!<\/p>\n","protected":false},"excerpt":{"rendered":"<p>Vergangenen Samstag (10.10.2020) haben wir Jusos unsere Unterbezirkskonferenz im K14 abgehalten. Auf der Tagesordnung standen vor allem Vorstandswahlen. Mit Gianni Virgallita trat der aktuelle Vorsitzende nicht erneut an, auch Lukas&hellip; <\/p>\n","protected":false},"author":1,"featured_media":0,"comment_status":"closed","ping_status":"closed","sticky":false,"template":"","format":"standard","meta":{"footnotes":""},"categories":[173],"tags":[2542,71,2544,2543,2545],"quellen":[362],"class_list":["post-7662","post","type-post","status-publish","format-standard","hentry","category-parteileben","tag-familie","tag-jahreshauptversammlung","tag-juso-ub-vorsitzender","tag-juso-ub-vorstand","tag-kinder","quellen-jusos-oberhausen"],"_links":{"self":[{"href":"https:\/\/meier-gerdingh.de\/wp-spd-ob\/wp-json\/wp\/v2\/posts\/7662","targetHints":{"allow":["GET"]}}],"collection":[{"href":"https:\/\/meier-gerdingh.de\/wp-spd-ob\/wp-json\/wp\/v2\/posts"}],"about":[{"href":"https:\/\/meier-gerdingh.de\/wp-spd-ob\/wp-json\/wp\/v2\/types\/post"}],"author":[{"embeddable":true,"href":"https:\/\/meier-gerdingh.de\/wp-spd-ob\/wp-json\/wp\/v2\/users\/1"}],"replies":[{"embeddable":true,"href":"https:\/\/meier-gerdingh.de\/wp-spd-ob\/wp-json\/wp\/v2\/comments?post=7662"}],"version-history":[{"count":0,"href":"https:\/\/meier-gerdingh.de\/wp-spd-ob\/wp-json\/wp\/v2\/posts\/7662\/revisions"}],"wp:attachment":[{"href":"https:\/\/meier-gerdingh.de\/wp-spd-ob\/wp-json\/wp\/v2\/media?parent=7662"}],"wp:term":[{"taxonomy":"category","embeddable":true,"href":"https:\/\/meier-gerdingh.de\/wp-spd-ob\/wp-json\/wp\/v2\/categories?post=7662"},{"taxonomy":"post_tag","embeddable":true,"href":"https:\/\/meier-gerdingh.de\/wp-spd-ob\/wp-json\/wp\/v2\/tags?post=7662"},{"taxonomy":"quellen","embeddable":true,"href":"https:\/\/meier-gerdingh.de\/wp-spd-ob\/wp-json\/wp\/v2\/quellen?post=7662"}],"curies":[{"name":"wp","href":"https:\/\/api.w.org\/{rel}","templated":true}]}}