{"id":7664,"date":"2020-10-23T19:43:48","date_gmt":"2020-10-23T17:43:48","guid":{"rendered":"https:\/\/meier-gerdingh.de\/wp-spd-ob\/?p=7664"},"modified":"2020-10-27T19:59:57","modified_gmt":"2020-10-27T18:59:57","slug":"hintergruende-der-geiselnahme-in-der-jva-muenster-zuegig-aufklaeren","status":"publish","type":"post","link":"https:\/\/meier-gerdingh.de\/wp-spd-ob\/2020\/10\/23\/hintergruende-der-geiselnahme-in-der-jva-muenster-zuegig-aufklaeren\/","title":{"rendered":"&#8222;Hintergr\u00fcnde der Geiselnahme in der JVA M\u00fcnster z\u00fcgig aufkl\u00e4ren&#8220;"},"content":{"rendered":"<div id=\"attachment_5285\" style=\"width: 190px\" class=\"wp-caption alignleft\"><a href=\"https:\/\/meier-gerdingh.de\/wp-spd-ob\/wp-content\/uploads\/2018\/06\/14_bongers_sonja_1000.jpg\"><img aria-describedby=\"caption-attachment-5285\" decoding=\"async\" class=\"size-full wp-image-5285\" src=\"https:\/\/meier-gerdingh.de\/wp-spd-ob\/wp-content\/uploads\/2018\/06\/14_bongers_sonja.jpg\" alt=\"\" width=\"180\" height=\"180\" srcset=\"https:\/\/meier-gerdingh.de\/wp-spd-ob\/wp-content\/uploads\/2018\/06\/14_bongers_sonja.jpg 180w, https:\/\/meier-gerdingh.de\/wp-spd-ob\/wp-content\/uploads\/2018\/06\/14_bongers_sonja-150x150.jpg 150w\" sizes=\"(max-width: 180px) 100vw, 180px\" \/><\/a><p id=\"caption-attachment-5285\" class=\"wp-caption-text\">Sonja Bongers ist Vorsitzende der SPD-Ratsfraktion und Mitglied des Landtags von Nordrhein-Westfalen<\/p><\/div>\n<p><em>Zur heutigen Sondersitzung des Rechtsausschusses anl\u00e4sslich einer Geiselnahme in der JVA M\u00fcnster erkl\u00e4rt Sonja Bongers, rechtspolitische Sprecherin der SPD-Fraktion im Landtag NRW:<\/em><\/p>\n<p>&#8222;Es war absolut richtig, dass der Rechtsausschuss heute zu einer Sondersitzung zusammengekommen ist. Eine Geiselnahme mit Todesfolge ist ein au\u00dfergew\u00f6hnlicher Vorfall, der z\u00fcgig aufgekl\u00e4rt werden muss \u2013 auch wenn Justizminister Biesenbach eine Information der \u00d6ffentlichkeit dar\u00fcber offenbar nicht f\u00fcr n\u00f6tig h\u00e4lt. Wir sind froh, dass die in Geiselhaft genommene Auszubildende \u2013 wie der Minister heute berichtete \u2013 wohlauf und stabil ist, und sprechen allen Betroffenen unserer Mitgef\u00fchl aus.<!--more--><\/p>\n<p>Auf unser Dr\u00e4ngen hin sind wichtige Fakten \u00f6ffentlich bekannt geworden, die jetzt intensiv nachbereitet werden m\u00fcssen. Am wichtigsten ist dabei die Frage nach dem psychischen Zustand des Inhaftierten, der heute nur in nicht-\u00f6ffentlicher Sitzung er\u00f6rtert werden konnte. Hier geht es darum, ob Anzeichen f\u00fcr eine psychische Erkrankung vorlagen, diese richtig erkannt und dementsprechend auch behandelt worden sind. Dadurch bekommt der Fall eine zus\u00e4tzliche politische Dimension, weil er einmal mehr die Frage aufwirft, wie mit psychischen Erkrankungen im Justizvollzug umgegangen werden muss.<\/p>\n<p>Es ist gut, dass die demokratischen Fraktionen hierzu f\u00fcr das kommende November-Plenum einen gemeinsamen Antrag in den Landtag einbringen werden. Damit soll die Landesregierung u.a. beauftragt werden, bis Ende 2021 ein Konzept zu entwickeln, wie die Anzahl der Belegbetten in einer psychiatrischen Abteilung f\u00fcr den Justizvollzug bedarfsgerecht ausgebaut werden kann.<\/p>\n<p>Die Geiselnahme in der JVA M\u00fcnster mit anschlie\u00dfender Todesfolge des Geiselnehmers zeigt, dass hier jetzt schnell gehandelt werden muss.&#8220;<\/p>\n","protected":false},"excerpt":{"rendered":"<p>Zur heutigen Sondersitzung des Rechtsausschusses anl\u00e4sslich einer Geiselnahme in der JVA M\u00fcnster erkl\u00e4rt Sonja Bongers, rechtspolitische Sprecherin der SPD-Fraktion im Landtag NRW: &#8222;Es war absolut richtig, dass der Rechtsausschuss heute&hellip; <\/p>\n","protected":false},"author":1,"featured_media":0,"comment_status":"closed","ping_status":"closed","sticky":false,"template":"","format":"standard","meta":{"footnotes":""},"categories":[216],"tags":[2546,1761,2547],"quellen":[1317],"class_list":["post-7664","post","type-post","status-publish","format-standard","hentry","category-land","tag-geiselnahme","tag-justizvollzugsanstalten","tag-jva-muenster","quellen-mdl-sonja-bongers"],"_links":{"self":[{"href":"https:\/\/meier-gerdingh.de\/wp-spd-ob\/wp-json\/wp\/v2\/posts\/7664","targetHints":{"allow":["GET"]}}],"collection":[{"href":"https:\/\/meier-gerdingh.de\/wp-spd-ob\/wp-json\/wp\/v2\/posts"}],"about":[{"href":"https:\/\/meier-gerdingh.de\/wp-spd-ob\/wp-json\/wp\/v2\/types\/post"}],"author":[{"embeddable":true,"href":"https:\/\/meier-gerdingh.de\/wp-spd-ob\/wp-json\/wp\/v2\/users\/1"}],"replies":[{"embeddable":true,"href":"https:\/\/meier-gerdingh.de\/wp-spd-ob\/wp-json\/wp\/v2\/comments?post=7664"}],"version-history":[{"count":0,"href":"https:\/\/meier-gerdingh.de\/wp-spd-ob\/wp-json\/wp\/v2\/posts\/7664\/revisions"}],"wp:attachment":[{"href":"https:\/\/meier-gerdingh.de\/wp-spd-ob\/wp-json\/wp\/v2\/media?parent=7664"}],"wp:term":[{"taxonomy":"category","embeddable":true,"href":"https:\/\/meier-gerdingh.de\/wp-spd-ob\/wp-json\/wp\/v2\/categories?post=7664"},{"taxonomy":"post_tag","embeddable":true,"href":"https:\/\/meier-gerdingh.de\/wp-spd-ob\/wp-json\/wp\/v2\/tags?post=7664"},{"taxonomy":"quellen","embeddable":true,"href":"https:\/\/meier-gerdingh.de\/wp-spd-ob\/wp-json\/wp\/v2\/quellen?post=7664"}],"curies":[{"name":"wp","href":"https:\/\/api.w.org\/{rel}","templated":true}]}}