{"id":767,"date":"2010-04-26T16:00:00","date_gmt":"2010-04-26T14:00:00","guid":{"rendered":"http:\/\/www.meier-gerdingh.de\/spd-oberhausen\/wp\/?p=767"},"modified":"2017-05-16T17:08:53","modified_gmt":"2017-05-16T15:08:53","slug":"hannelore-kraft-in-oberhausen","status":"publish","type":"post","link":"https:\/\/meier-gerdingh.de\/wp-spd-ob\/2010\/04\/26\/hannelore-kraft-in-oberhausen\/","title":{"rendered":"Hannelore Kraft in Oberhausen"},"content":{"rendered":"<div style=\"width: 170px\" class=\"wp-caption alignleft\"><a href=\"http:\/\/meier-gerdingh.de\/wp-spd-ob\/wp-content\/uploads\/kraft_in_ob.jpg\"><img decoding=\"async\" class=\"size-full\" src=\"http:\/\/meier-gerdingh.de\/wp-spd-ob\/wp-content\/uploads\/kraft_in_ob.jpg\" alt=\"Begeisterte mit ihrer Rede im \" width=\"160\" height=\"200\" \/><\/a><p class=\"wp-caption-text\">Begeisterte mit ihrer Rede im &#8222;Gdanska&#8220;: SPD-Spitzenkandidatin Hannelore Kraft<\/p><\/div>\n<p>Mit einem solchen Andrang hatten selbst die gr\u00f6\u00dften Optimisten nicht gerechnet. Die Gastst\u00e4tte &#8222;Gdanska&#8220; platzte am Sonntagvormittag jedenfalls aus allen N\u00e4hten, als die SPD-Spitzenkandidatin zur Landtagswahl Hannelore Kraft auf ihrer Wahlkampftour Station in Oberhausen machte. Im Rahmen eines Jazz-Fr\u00fchschoppens stimmte sie die Anwesenden auf die ganz hei\u00dfe Wahlkampfphase ein und nahm sich anschlie\u00dfend noch viel Zeit f\u00fcr Gespr\u00e4che mit Oberhausener B\u00fcrgerinnen und B\u00fcrgern.<!--more--><\/p>\n<p>Was ihr besonders am Herzen liegt, machte Hannelore Kraft von Beginn an klar: Eine bessere und gerechtere Bildungspolitik f\u00fcr unser Land. Es bleibe ein gesellschaftlicher Skandal, dass rund 20 Prozent eines Sch\u00fclerjahrgangs keinen Abschluss schafften und die schwarz-gelbe Landesregierung die Probleme von Sch\u00fclerinnen und Sch\u00fclern aus sozial schw\u00e4cheren Familien immer noch kalt l\u00e4chelnd ignoriere. Dies sei nicht nur unfair und ungerecht, sondern belaste auch die zuk\u00fcnftigen wirtschaftlichen Entwicklungsperspektiven. Das Technologieland NRW k\u00f6nne es sich aber nicht leisten, auch nur ein einziges Kind auf seinem Bildungsweg im Stich zu lassen. Deshalb sei die Landtagswahl am 9. Mai eine zentrale Richtungswahl f\u00fcr Nordrhein-Westfalen.<\/p>\n<p>Deutliche Worte von Hannelore Kraft auch zur Unt\u00e4tigkeit der Landesregierung angesichts der existenzbedrohenden Finanzkrise der Kommunen: 5 Jahre regiert, 5 Jahre lang sei nichts passiert. Wer w\u00fcsste das besser als die Menschen in Oberhausen. Wenn der Finanzminister nun in aufkommender Torschlusspanik drei Wochen vor dem Wahltermin sein Herz f\u00fcr die notleidenden St\u00e4dte entdecke, handele es sich um ein billiges Wahlkampfman\u00f6ver, von dem sich niemand t\u00e4uschen lasse. Die NRWSPD hingegen habe mit ihrem &#8222;St\u00e4rkungspakt Stadtfinanzen&#8220; ein fundiertes Konzept vorgelegt, mit dem der Weg der Gemeinden in die Verschuldungsfalle gestoppt werden k\u00f6nne, im solidarischen Miteinander von Land und Kommunen.<\/p>\n<p>Die beiden Oberhausener Landtagskandidaten Wolfgang Gro\u00dfe Br\u00f6mer und Stefan Zimkeit zeigten sich rundum zufrieden mit der Veranstaltung. Bereits am Donnerstag dieser Woche steht der n\u00e4chste Wahlkampfh\u00f6hepunkt bevor: Die Oberhausener SPD erwartet dann um 17.00 Uhr den SPD-Bundesvorsitzenden Sigmar Gabriel zu einer Veranstaltung im TZU.<\/p>\n","protected":false},"excerpt":{"rendered":"<p>Mit einem solchen Andrang hatten selbst die gr\u00f6\u00dften Optimisten nicht gerechnet. Die Gastst\u00e4tte &#8222;Gdanska&#8220; platzte am Sonntagvormittag jedenfalls aus allen N\u00e4hten, als die SPD-Spitzenkandidatin zur Landtagswahl Hannelore Kraft auf ihrer&hellip; <\/p>\n","protected":false},"author":1,"featured_media":0,"comment_status":"closed","ping_status":"closed","sticky":false,"template":"","format":"standard","meta":{"footnotes":""},"categories":[1],"tags":[],"quellen":[],"class_list":["post-767","post","type-post","status-publish","format-standard","hentry","category-allgemein"],"_links":{"self":[{"href":"https:\/\/meier-gerdingh.de\/wp-spd-ob\/wp-json\/wp\/v2\/posts\/767","targetHints":{"allow":["GET"]}}],"collection":[{"href":"https:\/\/meier-gerdingh.de\/wp-spd-ob\/wp-json\/wp\/v2\/posts"}],"about":[{"href":"https:\/\/meier-gerdingh.de\/wp-spd-ob\/wp-json\/wp\/v2\/types\/post"}],"author":[{"embeddable":true,"href":"https:\/\/meier-gerdingh.de\/wp-spd-ob\/wp-json\/wp\/v2\/users\/1"}],"replies":[{"embeddable":true,"href":"https:\/\/meier-gerdingh.de\/wp-spd-ob\/wp-json\/wp\/v2\/comments?post=767"}],"version-history":[{"count":0,"href":"https:\/\/meier-gerdingh.de\/wp-spd-ob\/wp-json\/wp\/v2\/posts\/767\/revisions"}],"wp:attachment":[{"href":"https:\/\/meier-gerdingh.de\/wp-spd-ob\/wp-json\/wp\/v2\/media?parent=767"}],"wp:term":[{"taxonomy":"category","embeddable":true,"href":"https:\/\/meier-gerdingh.de\/wp-spd-ob\/wp-json\/wp\/v2\/categories?post=767"},{"taxonomy":"post_tag","embeddable":true,"href":"https:\/\/meier-gerdingh.de\/wp-spd-ob\/wp-json\/wp\/v2\/tags?post=767"},{"taxonomy":"quellen","embeddable":true,"href":"https:\/\/meier-gerdingh.de\/wp-spd-ob\/wp-json\/wp\/v2\/quellen?post=767"}],"curies":[{"name":"wp","href":"https:\/\/api.w.org\/{rel}","templated":true}]}}