{"id":7680,"date":"2020-10-28T22:10:39","date_gmt":"2020-10-28T21:10:39","guid":{"rendered":"https:\/\/meier-gerdingh.de\/wp-spd-ob\/?p=7680"},"modified":"2020-10-28T22:11:23","modified_gmt":"2020-10-28T21:11:23","slug":"die-corona-pandemie-gemeinsam-bewaeltigen-nrw-spd-setzt-auf-5-punkte-sofort-programm","status":"publish","type":"post","link":"https:\/\/meier-gerdingh.de\/wp-spd-ob\/2020\/10\/28\/die-corona-pandemie-gemeinsam-bewaeltigen-nrw-spd-setzt-auf-5-punkte-sofort-programm\/","title":{"rendered":"Die Corona-Pandemie gemeinsam bew\u00e4ltigen &#8211; NRW-SPD setzt auf 5-Punkte-Sofort-Programm"},"content":{"rendered":"<div id=\"attachment_5285\" style=\"width: 190px\" class=\"wp-caption alignleft\"><a href=\"https:\/\/meier-gerdingh.de\/wp-spd-ob\/wp-content\/uploads\/2018\/06\/14_bongers_sonja_1000.jpg\"><img aria-describedby=\"caption-attachment-5285\" decoding=\"async\" class=\"size-full wp-image-5285\" src=\"https:\/\/meier-gerdingh.de\/wp-spd-ob\/wp-content\/uploads\/2018\/06\/14_bongers_sonja.jpg\" alt=\"\" width=\"180\" height=\"180\" srcset=\"https:\/\/meier-gerdingh.de\/wp-spd-ob\/wp-content\/uploads\/2018\/06\/14_bongers_sonja.jpg 180w, https:\/\/meier-gerdingh.de\/wp-spd-ob\/wp-content\/uploads\/2018\/06\/14_bongers_sonja-150x150.jpg 150w\" sizes=\"(max-width: 180px) 100vw, 180px\" \/><\/a><p id=\"caption-attachment-5285\" class=\"wp-caption-text\">Sonja Bongers ist Vorsitzende der SPD-Ratsfraktion und Mitglied des Landtags von Nordrhein-Westfalen<\/p><\/div>\n<p>Es ist Herbst und die Corona-Infektionszahlen steigen stetig. Gleichzeitig akzeptieren immer weniger Menschen die notwendigen Einschr\u00e4nkungen. Es wird Zeit, die Herausforderung Corona in Nordrhein-Westfalen gemeinsam anzugehen.<!--more--><\/p>\n<h3 class=\"spd-ob-crossheading\">Pr\u00e4vention ist nur mit einer umfassenden Testinfrastruktur m\u00f6glich<\/h3>\n<p>Ohne fl\u00e4chendeckende Tests kann nicht mehr nachvollzogen werden, wo die Infektionen herkommen. Mit einer Teststrategie, die auch die Betriebs- und Werks\u00e4rztinnen und -\u00e4rzte in NRW einbezieht und auf Schnelltests setzt, kann vorausschauend gehandelt werden. Daf\u00fcr braucht es jetzt umgehend einen Testgipfel, an dem auch die Arbeitgeber teilnehmen m\u00fcssen.<\/p>\n<h3 class=\"spd-ob-crossheading\">Entlastung der Gesundheits\u00e4mter<\/h3>\n<p>Die Landesregierung hat den Gesundheits\u00e4mtern rund 800 befristete Stellen zur Entlastung zugesichert. Nach der erforderlichen parlamentarischen Abstimmung \u00fcber diese neuen Stellen muss das Land umgehend eine Job-Offensive f\u00fcr das zus\u00e4tzliche Personal starten.<\/p>\n<h3 class=\"spd-ob-crossheading\">Neues Ampelsystem<\/h3>\n<p>Bei weit mehr als 50 Infizierten auf 100.000 B\u00fcrgerinnen und B\u00fcrger in nahezu allen St\u00e4dten und Kreisen Nordrhein-Westfalens erscheint das bisherige Ampelsystem nicht mehr praktikabel. Wir brauchen weitere Staffellungen, die sich an folgenden Kennzahlen orientieren: Kapazit\u00e4ten des Gesundheitsamts vor Ort, Anzahl der Patientinnen und Patienten auf Intensivstationen und das zur Verf\u00fcgung stehende Intensivpersonal in den Kliniken.<\/p>\n<h3 class=\"spd-ob-crossheading\">Schulgipfel<\/h3>\n<p>In Schulen treffen viele junge Menschen aufeinander, das notwendige Abstandhalten ist oftmals schwer umzusetzen. Schon vor Monaten hat die SPD die Landesregierung aufgefordert, alle beteiligten Akteure im Schulbereich an einen Tisch zu holen, um gemeinsam ein tragf\u00e4higes Schulkonzept zu erarbeiten. Auch die Elternverb\u00e4nde teilen inzwischen unsere Forderung nach einem Schulgipfel f\u00fcr NRW. Sollte die Landesregierung diese Forderung weiter ignorieren, laden wir selbst zu einem solchen Gipfel.<\/p>\n<h3 class=\"spd-ob-crossheading\">Finanzhilfen f\u00fcr Gastronomie und Eventbranche<\/h3>\n<p>Sie machen das Leben lebenswert, jetzt brauchen sie unsere Hilfe: Gastst\u00e4tten und die Eventbranche sind massiv von den Einschr\u00e4nkungen zur Eind\u00e4mmung von Corona betroffen. Wir fordern daher ein Hilfsprogramm aus dem Rettungsschirm des Landes in H\u00f6he von 290 Millionen Euro f\u00fcr die Gastronomie und 525 Millionen Euro f\u00fcr die Veranstaltungsbranche.<\/p>\n","protected":false},"excerpt":{"rendered":"<p>Es ist Herbst und die Corona-Infektionszahlen steigen stetig. Gleichzeitig akzeptieren immer weniger Menschen die notwendigen Einschr\u00e4nkungen. Es wird Zeit, die Herausforderung Corona in Nordrhein-Westfalen gemeinsam anzugehen.<\/p>\n","protected":false},"author":1,"featured_media":0,"comment_status":"closed","ping_status":"closed","sticky":false,"template":"","format":"standard","meta":{"footnotes":""},"categories":[2275],"tags":[34,2550,2268,2463,2223,2228,2218,2549,2379,2237],"quellen":[1317],"class_list":["post-7680","post","type-post","status-publish","format-standard","hentry","category-corona-krise","tag-arbeitsplaetze","tag-arbeitsplatzsicherung","tag-corona-hilfen","tag-corona-pandemie","tag-coronavirus","tag-coronavirus-krise","tag-covid-19-krise","tag-eventbranche","tag-gastronomie","tag-rettungsschirm-coronavirus-krise","quellen-mdl-sonja-bongers"],"_links":{"self":[{"href":"https:\/\/meier-gerdingh.de\/wp-spd-ob\/wp-json\/wp\/v2\/posts\/7680","targetHints":{"allow":["GET"]}}],"collection":[{"href":"https:\/\/meier-gerdingh.de\/wp-spd-ob\/wp-json\/wp\/v2\/posts"}],"about":[{"href":"https:\/\/meier-gerdingh.de\/wp-spd-ob\/wp-json\/wp\/v2\/types\/post"}],"author":[{"embeddable":true,"href":"https:\/\/meier-gerdingh.de\/wp-spd-ob\/wp-json\/wp\/v2\/users\/1"}],"replies":[{"embeddable":true,"href":"https:\/\/meier-gerdingh.de\/wp-spd-ob\/wp-json\/wp\/v2\/comments?post=7680"}],"version-history":[{"count":0,"href":"https:\/\/meier-gerdingh.de\/wp-spd-ob\/wp-json\/wp\/v2\/posts\/7680\/revisions"}],"wp:attachment":[{"href":"https:\/\/meier-gerdingh.de\/wp-spd-ob\/wp-json\/wp\/v2\/media?parent=7680"}],"wp:term":[{"taxonomy":"category","embeddable":true,"href":"https:\/\/meier-gerdingh.de\/wp-spd-ob\/wp-json\/wp\/v2\/categories?post=7680"},{"taxonomy":"post_tag","embeddable":true,"href":"https:\/\/meier-gerdingh.de\/wp-spd-ob\/wp-json\/wp\/v2\/tags?post=7680"},{"taxonomy":"quellen","embeddable":true,"href":"https:\/\/meier-gerdingh.de\/wp-spd-ob\/wp-json\/wp\/v2\/quellen?post=7680"}],"curies":[{"name":"wp","href":"https:\/\/api.w.org\/{rel}","templated":true}]}}