{"id":7684,"date":"2020-10-29T22:02:46","date_gmt":"2020-10-29T21:02:46","guid":{"rendered":"https:\/\/meier-gerdingh.de\/wp-spd-ob\/?p=7684"},"modified":"2020-10-29T22:02:46","modified_gmt":"2020-10-29T21:02:46","slug":"protest-gegen-neuausschreibung-der-fluechtlingsberatung","status":"publish","type":"post","link":"https:\/\/meier-gerdingh.de\/wp-spd-ob\/2020\/10\/29\/protest-gegen-neuausschreibung-der-fluechtlingsberatung\/","title":{"rendered":"Protest gegen Neuausschreibung der Fl\u00fcchtlingsberatung"},"content":{"rendered":"<div id=\"attachment_4242\" style=\"width: 150px\" class=\"wp-caption alignleft\"><a href=\"https:\/\/meier-gerdingh.de\/wp-spd-ob\/wp-content\/uploads\/2017\/05\/zimkeit_stefan_17.jpg\"><img aria-describedby=\"caption-attachment-4242\" decoding=\"async\" class=\"size-full wp-image-4242\" src=\"https:\/\/meier-gerdingh.de\/wp-spd-ob\/wp-content\/uploads\/2017\/05\/zimkeit_stefan_17.jpg\" alt=\"\" width=\"140\" height=\"192\" \/><\/a><p id=\"caption-attachment-4242\" class=\"wp-caption-text\">Stefan Zimkeit ist Landtagsabgeordneter f\u00fcr Oberhausen-Sterkrade und Dinslaken sowie haushalts- und finanzpolitischer Sprecher der SPD-Landtagsfraktion<\/p><\/div>\n<p>Stefan Zimkeit schlie\u00dft sich dem Protest der Wohlfahrtsverb\u00e4nde gegen die Neugestaltung der Fl\u00fcchtlingsberatung in NRW an. In Oberhausen sind davon die AWO, DRK, Caritas und die evangelische Kirche betroffen.<\/p>\n<p>&#8222;Die Ank\u00fcndigung des NRW-Fl\u00fcchtlingsministeriums, die F\u00f6rderung der Beratungseinrichtungen auf 80 Prozent zu reduzieren, wird erhebliche Konsequenzen haben&#8220;, bef\u00fcrchtet der SPD-Landtagsabgeordnete. Zimkeit warnt vor einem erheblichen Qualit\u00e4tsverlust, der allen Integrationsbem\u00fchungen widerspricht.<!--more--><\/p>\n<p>&#8222;Es droht ein Ausstieg der etablierten Wohlfahrtsverb\u00e4nde aus der Fl\u00fcchtlingsberatung, weil diese eine reduzierte Landesf\u00f6rderung schwerlich durch Eigenmittel auffangen k\u00f6nnen&#8220;, erl\u00e4utert Stefan Zimkeit. &#8222;Stattdessen k\u00f6nnen im Zuge der vom FDP-gef\u00fchrten Ministerium angek\u00fcndigten Ausschreibung neue Anbieter auf den Markt dr\u00e4ngen, die auf au\u00dfertarifliche Besch\u00e4ftigungsverh\u00e4ltnisse setzen, um billiger zu sein.&#8220;<\/p>\n<p>Dies geschehe dann auf dem R\u00fccken vieler erfahrener Beraterinnen und Berater, die nun mit einem m\u00f6glichen Verlust ihres Arbeitsplatzes konfrontiert werden.<\/p>\n<p>Stefan Zimkeit wirft Fl\u00fcchtlingsminister Joachim Stamp (FDP) vor, die Qualit\u00e4t der Fl\u00fcchtlingsberatung sehenden Auges aufs Spiel zu setzen.<\/p>\n","protected":false},"excerpt":{"rendered":"<p>Stefan Zimkeit schlie\u00dft sich dem Protest der Wohlfahrtsverb\u00e4nde gegen die Neugestaltung der Fl\u00fcchtlingsberatung in NRW an. In Oberhausen sind davon die AWO, DRK, Caritas und die evangelische Kirche betroffen. &#8222;Die&hellip; <\/p>\n","protected":false},"author":1,"featured_media":0,"comment_status":"closed","ping_status":"closed","sticky":false,"template":"","format":"standard","meta":{"footnotes":""},"categories":[61,216],"tags":[2561,1135,1515,2562,2563,1133,5,1784],"quellen":[331],"class_list":["post-7684","post","type-post","status-publish","format-standard","hentry","category-integration","category-land","tag-aussertarifliche-beschaeftigungsverhaeltnisse","tag-awo","tag-caritas","tag-drk","tag-ev-kirche","tag-fluechtlingsberatung","tag-landesfoerderung","tag-wohlfahrtsverbaende","quellen-mdl-stefan-zimkeit"],"_links":{"self":[{"href":"https:\/\/meier-gerdingh.de\/wp-spd-ob\/wp-json\/wp\/v2\/posts\/7684","targetHints":{"allow":["GET"]}}],"collection":[{"href":"https:\/\/meier-gerdingh.de\/wp-spd-ob\/wp-json\/wp\/v2\/posts"}],"about":[{"href":"https:\/\/meier-gerdingh.de\/wp-spd-ob\/wp-json\/wp\/v2\/types\/post"}],"author":[{"embeddable":true,"href":"https:\/\/meier-gerdingh.de\/wp-spd-ob\/wp-json\/wp\/v2\/users\/1"}],"replies":[{"embeddable":true,"href":"https:\/\/meier-gerdingh.de\/wp-spd-ob\/wp-json\/wp\/v2\/comments?post=7684"}],"version-history":[{"count":0,"href":"https:\/\/meier-gerdingh.de\/wp-spd-ob\/wp-json\/wp\/v2\/posts\/7684\/revisions"}],"wp:attachment":[{"href":"https:\/\/meier-gerdingh.de\/wp-spd-ob\/wp-json\/wp\/v2\/media?parent=7684"}],"wp:term":[{"taxonomy":"category","embeddable":true,"href":"https:\/\/meier-gerdingh.de\/wp-spd-ob\/wp-json\/wp\/v2\/categories?post=7684"},{"taxonomy":"post_tag","embeddable":true,"href":"https:\/\/meier-gerdingh.de\/wp-spd-ob\/wp-json\/wp\/v2\/tags?post=7684"},{"taxonomy":"quellen","embeddable":true,"href":"https:\/\/meier-gerdingh.de\/wp-spd-ob\/wp-json\/wp\/v2\/quellen?post=7684"}],"curies":[{"name":"wp","href":"https:\/\/api.w.org\/{rel}","templated":true}]}}