{"id":7685,"date":"2020-10-29T22:04:49","date_gmt":"2020-10-29T21:04:49","guid":{"rendered":"https:\/\/meier-gerdingh.de\/wp-spd-ob\/?p=7685"},"modified":"2020-10-29T22:04:49","modified_gmt":"2020-10-29T21:04:49","slug":"landesregierung-tut-nichts-gegen-wohnraummangel-2","status":"publish","type":"post","link":"https:\/\/meier-gerdingh.de\/wp-spd-ob\/2020\/10\/29\/landesregierung-tut-nichts-gegen-wohnraummangel-2\/","title":{"rendered":"Landesregierung tut nichts gegen Wohnraummangel"},"content":{"rendered":"<p><div id=\"attachment_5285\" style=\"width: 190px\" class=\"wp-caption alignleft\"><a href=\"https:\/\/meier-gerdingh.de\/wp-spd-ob\/wp-content\/uploads\/2018\/06\/14_bongers_sonja_1000.jpg\"><img aria-describedby=\"caption-attachment-5285\" decoding=\"async\" src=\"https:\/\/meier-gerdingh.de\/wp-spd-ob\/wp-content\/uploads\/2018\/06\/14_bongers_sonja.jpg\" alt=\"\" width=\"180\" height=\"180\" class=\"size-full wp-image-5285\" srcset=\"https:\/\/meier-gerdingh.de\/wp-spd-ob\/wp-content\/uploads\/2018\/06\/14_bongers_sonja.jpg 180w, https:\/\/meier-gerdingh.de\/wp-spd-ob\/wp-content\/uploads\/2018\/06\/14_bongers_sonja-150x150.jpg 150w\" sizes=\"(max-width: 180px) 100vw, 180px\" \/><\/a><p id=\"caption-attachment-5285\" class=\"wp-caption-text\">Sonja Bongers ist Vorsitzende der SPD-Ratsfraktion und Mitglied des Landtags von Nordrhein-Westfalen<\/p><\/div>Seit Jahren sinkt in Nordrhein-Westfalen die Quote an \u00f6ffentlich gef\u00f6rdertem Mietwohnraum. Dabei fehlt in zahlreichen St\u00e4dten bezahlbarer Wohnraum. Insbesondere Menschen mit geringen Einkommen, Familien oder Empf\u00e4nger von Renten haben oftmals ein Problem, f\u00fcr sie g\u00fcnstige Wohnungen zu finden. Dennoch wird  die Wohnraumf\u00f6rderung in Nordrhein-Westfalen als wichtiges wohnungspolitisches Instrument der Landesregierung immer weniger genutzt.<!--more--><\/p>\n<h3 class=\"spd-ob-crossheading\">Bessere F\u00f6rderbedingungen<\/h3>\n<p>&#8222;Mit einer attraktiven und zeitgem\u00e4\u00dfen Gestaltung der F\u00f6rderbedingungen kann es gelingen, den Wohnungsbau gezielt zu f\u00f6rdern und insbesondere den erheblichen und wachsenden Wohnraummangel in den St\u00e4dten zu bek\u00e4mpfen&#8220;, erkl\u00e4rt die SPD-Abgeordnete Sonja Bongers.<\/p>\n<p>So m\u00fcsse die Gr\u00fcndung einer Landeswohnungsbaugesellschaft endlich erfolgen. Zudem sollte eine unbegrenzte Mietpreisbindung auf Erbpachtgrundst\u00fccken der \u00f6ffentlichen Hand oder die Einrichtung eines Bodenfonds zur Bek\u00e4mpfung der Bodenpreissteigerungen mit in die Planungen aufgenommen werden, schl\u00e4gt Bongers vor.<\/p>\n<h3 class=\"spd-ob-crossheading\">Landesregierung reduziert F\u00f6rdersumme<\/h3>\n<p>Vornehmlich sollte aus sozial- wie wohnungspolitischen Gr\u00fcnden der mietpreisgebundene Geschosswohnungsbau im Zentrum stehen. Denn dort ist die Not am gr\u00f6\u00dften. Dennoch will die Landesregierung in ihrem Wohnraumf\u00f6rderprogramm 2017-2022 den F\u00f6rderansatz f\u00fcr den preisgebundenen Mietwohnungsbau von 730 Mio. Euro j\u00e4hrlich (2019) auf 700 Mio. \u20ac j\u00e4hrlich (2020) absenken. Und das bei immer h\u00f6heren Kosten f\u00fcr die B\u00fcrgerinnen und B\u00fcrger Nordrhein-Westfalens. <\/p>\n<p>&#8222;Die Menschen m\u00fcssen immer mehr ihres Nettoeinkommens f\u00fcr das Wohnen ausgeben. Nach Studien der Universit\u00e4ten Frankfurt a.M. und Berlin (FU) liegen vier St\u00e4dte in NRW &#8211; bei 77 bundesweit untersuchten St\u00e4dten &#8211; mit einer Quote von rund 30 Prozent des Nettoeinkommens auf den ersten vier Pl\u00e4tzen: Bonn, Neuss, K\u00f6ln und D\u00fcsseldorf. Dort leben rund zwei Millionen Einwohner NRWs&#8220;, so Bongers.<\/p>\n<h3 class=\"spd-ob-crossheading\">Soziale Abw\u00e4rtsspirale<\/h3>\n<p>&#8222;Dabei ist klar, dass hohe Mietpreise und Wohnungsnot soziale Ungleichheit verfestigen und verst\u00e4rken. Hohe Mietpreise nehmen den Menschen das Geld f\u00fcr den weiteren Lebensunterhalt und damit Teilhabechancen und letztlich Lebensqualit\u00e4t. Die unzul\u00e4ssige Verengung auf &#8218;Problemgruppen&#8216; des Wohnungsmarktes geht an der Realit\u00e4t vorbei. <\/p>\n<p>Die Problematik Wohnraummangel und bezahlbares Wohnen trifft in den verst\u00e4dterten Ballungsr\u00e4umen und den weiteren St\u00e4dten des Landes, l\u00e4ngst weite Teile der Bev\u00f6lkerung. Ein Wohnberechtigungsschein f\u00fcr den Bezug einer Mietpreisgebundenen Wohnung steht in Gro\u00dfst\u00e4dten wie K\u00f6ln und D\u00fcsseldorf rechnerisch rund 50 Prozent der Bev\u00f6lkerung zu&#8220;, sagt Bongers.<\/p>\n<h3 class=\"spd-ob-crossheading\">Gewinner sind Vermieter<\/h3>\n<p>Nach dem Wohnungsmarktbericht der NRW.BANK aus dem Jahr 2018 sieht die Realit\u00e4t so aus: Die Neubaumieten sind seit 2010 um 29 Prozent gestiegen. Wiedervermietete Bestandswohnungen verteuerten sich um 23 Prozent. Im gleichen Zeitraum betrug die allgemeine Preissteigerung nur 11,5 Prozent und  die Reallohnentwicklung elf Prozent.<\/p>\n","protected":false},"excerpt":{"rendered":"<p>Seit Jahren sinkt in Nordrhein-Westfalen die Quote an \u00f6ffentlich gef\u00f6rdertem Mietwohnraum. Dabei fehlt in zahlreichen St\u00e4dten bezahlbarer Wohnraum. Insbesondere Menschen mit geringen Einkommen, Familien oder Empf\u00e4nger von Renten haben oftmals&hellip; <\/p>\n","protected":false},"author":1,"featured_media":0,"comment_status":"closed","ping_status":"closed","sticky":false,"template":"","format":"standard","meta":{"footnotes":""},"categories":[216,27],"tags":[2555,2557,2556,340,2558,2554,108],"quellen":[1317],"class_list":["post-7685","post","type-post","status-publish","format-standard","hentry","category-land","category-planen-bauen-wohnen-verkehr","tag-landeswohnungsbaugesellschaft","tag-mietpreisbindung","tag-wohnberechtigungsschein","tag-wohnen","tag-wohnraumfoerderprogramm","tag-wohnraummangel","tag-wohnungsbau","quellen-mdl-sonja-bongers"],"_links":{"self":[{"href":"https:\/\/meier-gerdingh.de\/wp-spd-ob\/wp-json\/wp\/v2\/posts\/7685","targetHints":{"allow":["GET"]}}],"collection":[{"href":"https:\/\/meier-gerdingh.de\/wp-spd-ob\/wp-json\/wp\/v2\/posts"}],"about":[{"href":"https:\/\/meier-gerdingh.de\/wp-spd-ob\/wp-json\/wp\/v2\/types\/post"}],"author":[{"embeddable":true,"href":"https:\/\/meier-gerdingh.de\/wp-spd-ob\/wp-json\/wp\/v2\/users\/1"}],"replies":[{"embeddable":true,"href":"https:\/\/meier-gerdingh.de\/wp-spd-ob\/wp-json\/wp\/v2\/comments?post=7685"}],"version-history":[{"count":0,"href":"https:\/\/meier-gerdingh.de\/wp-spd-ob\/wp-json\/wp\/v2\/posts\/7685\/revisions"}],"wp:attachment":[{"href":"https:\/\/meier-gerdingh.de\/wp-spd-ob\/wp-json\/wp\/v2\/media?parent=7685"}],"wp:term":[{"taxonomy":"category","embeddable":true,"href":"https:\/\/meier-gerdingh.de\/wp-spd-ob\/wp-json\/wp\/v2\/categories?post=7685"},{"taxonomy":"post_tag","embeddable":true,"href":"https:\/\/meier-gerdingh.de\/wp-spd-ob\/wp-json\/wp\/v2\/tags?post=7685"},{"taxonomy":"quellen","embeddable":true,"href":"https:\/\/meier-gerdingh.de\/wp-spd-ob\/wp-json\/wp\/v2\/quellen?post=7685"}],"curies":[{"name":"wp","href":"https:\/\/api.w.org\/{rel}","templated":true}]}}