{"id":769,"date":"2010-04-30T16:00:00","date_gmt":"2010-04-30T14:00:00","guid":{"rendered":"http:\/\/www.meier-gerdingh.de\/spd-oberhausen\/wp\/?p=769"},"modified":"2017-05-16T17:08:15","modified_gmt":"2017-05-16T15:08:15","slug":"spd-oberhausen-bietet-wieder-fahrdienst-zum-wahllokal-an","status":"publish","type":"post","link":"https:\/\/meier-gerdingh.de\/wp-spd-ob\/2010\/04\/30\/spd-oberhausen-bietet-wieder-fahrdienst-zum-wahllokal-an\/","title":{"rendered":"SPD Oberhausen bietet wieder Fahrdienst zum Wahllokal an"},"content":{"rendered":"<p><a href=\"http:\/\/meier-gerdingh.de\/wp-spd-ob\/wp-content\/uploads\/logo_spd_ob.gif\"><img decoding=\"async\" class=\"size-full alignleft\" src=\"http:\/\/meier-gerdingh.de\/wp-spd-ob\/wp-content\/uploads\/logo_spd_ob.gif\" alt=\"\" width=\"140\" height=\"150\" \/><\/a>F\u00fcr den Wahltag am Sonntag, 9. Mai, bietet die SPD wieder ihren Fahrdienst f\u00fcr gehbehinderte Mitb\u00fcrgerinnen und Mitb\u00fcrger zum Wahllokal an. Anmeldungen k\u00f6nnen ab sofort an die SPD-Gesch\u00e4ftsstelle, Schwartzstra\u00dfe 52, Telefon: 2 33 34, gerichtet werden.<!--more--><\/p>\n<p>Am Wahltag selber, Sonntag 9. Mai, kann der SPD-Fahrdienst in der Zeit von 8.00 Uhr bis 17.00 Uhr unter gleicher Telefonnummer erreicht werden.<\/p>\n","protected":false},"excerpt":{"rendered":"<p>F\u00fcr den Wahltag am Sonntag, 9. Mai, bietet die SPD wieder ihren Fahrdienst f\u00fcr gehbehinderte Mitb\u00fcrgerinnen und Mitb\u00fcrger zum Wahllokal an. Anmeldungen k\u00f6nnen ab sofort an die SPD-Gesch\u00e4ftsstelle, Schwartzstra\u00dfe 52,&hellip; <\/p>\n","protected":false},"author":1,"featured_media":0,"comment_status":"closed","ping_status":"closed","sticky":false,"template":"","format":"standard","meta":{"footnotes":""},"categories":[1],"tags":[],"quellen":[],"class_list":["post-769","post","type-post","status-publish","format-standard","hentry","category-allgemein"],"_links":{"self":[{"href":"https:\/\/meier-gerdingh.de\/wp-spd-ob\/wp-json\/wp\/v2\/posts\/769","targetHints":{"allow":["GET"]}}],"collection":[{"href":"https:\/\/meier-gerdingh.de\/wp-spd-ob\/wp-json\/wp\/v2\/posts"}],"about":[{"href":"https:\/\/meier-gerdingh.de\/wp-spd-ob\/wp-json\/wp\/v2\/types\/post"}],"author":[{"embeddable":true,"href":"https:\/\/meier-gerdingh.de\/wp-spd-ob\/wp-json\/wp\/v2\/users\/1"}],"replies":[{"embeddable":true,"href":"https:\/\/meier-gerdingh.de\/wp-spd-ob\/wp-json\/wp\/v2\/comments?post=769"}],"version-history":[{"count":0,"href":"https:\/\/meier-gerdingh.de\/wp-spd-ob\/wp-json\/wp\/v2\/posts\/769\/revisions"}],"wp:attachment":[{"href":"https:\/\/meier-gerdingh.de\/wp-spd-ob\/wp-json\/wp\/v2\/media?parent=769"}],"wp:term":[{"taxonomy":"category","embeddable":true,"href":"https:\/\/meier-gerdingh.de\/wp-spd-ob\/wp-json\/wp\/v2\/categories?post=769"},{"taxonomy":"post_tag","embeddable":true,"href":"https:\/\/meier-gerdingh.de\/wp-spd-ob\/wp-json\/wp\/v2\/tags?post=769"},{"taxonomy":"quellen","embeddable":true,"href":"https:\/\/meier-gerdingh.de\/wp-spd-ob\/wp-json\/wp\/v2\/quellen?post=769"}],"curies":[{"name":"wp","href":"https:\/\/api.w.org\/{rel}","templated":true}]}}