{"id":7697,"date":"2020-11-04T20:28:11","date_gmt":"2020-11-04T19:28:11","guid":{"rendered":"https:\/\/meier-gerdingh.de\/wp-spd-ob\/?p=7697"},"modified":"2020-11-04T20:28:11","modified_gmt":"2020-11-04T19:28:11","slug":"nrw-muss-die-haeusliche-pflege-von-menschen-staerken-illegale-beschaeftigung-von-pflegefachkraeften-muss-gestoppt-werden","status":"publish","type":"post","link":"https:\/\/meier-gerdingh.de\/wp-spd-ob\/2020\/11\/04\/nrw-muss-die-haeusliche-pflege-von-menschen-staerken-illegale-beschaeftigung-von-pflegefachkraeften-muss-gestoppt-werden\/","title":{"rendered":"NRW muss die h\u00e4usliche Pflege von Menschen st\u00e4rken \u2013 illegale Besch\u00e4ftigung von Pflegefachkr\u00e4ften muss gestoppt werden"},"content":{"rendered":"<div id=\"attachment_7690\" style=\"width: 170px\" class=\"wp-caption alignleft\"><a href=\"https:\/\/meier-gerdingh.de\/wp-spd-ob\/wp-content\/uploads\/2020\/11\/bongers-sonja-2020.jpg\"><img aria-describedby=\"caption-attachment-7690\" decoding=\"async\" class=\"size-full wp-image-7690\" src=\"https:\/\/meier-gerdingh.de\/wp-spd-ob\/wp-content\/uploads\/2020\/11\/bongers-sonja-2020.jpg\" alt=\"\" width=\"160\" height=\"200\" \/><\/a><p id=\"caption-attachment-7690\" class=\"wp-caption-text\">Sonja Bongers ist Vorsitzende der SPD-Ratsfraktion und Mitglied des Landtags von Nordrhein-Westfalen<\/p><\/div>\n<p>In Nordrhein-Westfalen besteht ein gravierender Mangel an Pflegefachkr\u00e4ften. Das wird gerade jetzt in Zeiten der Pandemie deutlich.<\/p>\n<p>&#8222;Durch Corona sind viele ausl\u00e4ndische Pflegekr\u00e4fte, die hier oftmals illegal in der h\u00e4uslichen Betreuung besch\u00e4ftigt waren, in ihre Heimatl\u00e4nder zur\u00fcckgekehrt. H\u00e4ufig m\u00fcssen nun Angeh\u00f6rige die Pflege oder Betreuung \u00fcbernehmen. Viele Menschen, meist Frauen, sind damit neben ihrem Beruf oder ihrem eigene Haushalt zeitlich und vor allem fachlich \u00fcberfordert&#8220;, sagt die SPD-Landtagsabgeordnete Sonja Bongers.<!--more--><\/p>\n<h3 class=\"spd-ob-crossheading\">Die Schatten der Schattenwirtschaft<\/h3>\n<p>Die Corona-Pandemie offenbare deutlich, wie fragil diese Schattenwirtschaft f\u00fcr die Versorgung in der h\u00e4uslichen Pflege sei. Jetzt zeige sich wie gef\u00e4hrlich es sei, dieses System zu dulden, um L\u00fccken in der staatlichen Pflegeversorgung zu \u00fcbert\u00fcnchen. Es k\u00f6nne nicht sein, dass pflegebed\u00fcrftige Menschen und deren Angeh\u00f6rige mit den Engp\u00e4ssen in der ambulanten Pflege allein gelassen w\u00fcrden. Sie ben\u00f6tigten finanzielle Unterst\u00fctzung, fordert Sonja Bongers.<\/p>\n<h3 class=\"spd-ob-crossheading\">Mangelnde Rechtssicherheit<\/h3>\n<p>Problematisch sei zudem die fehlende Rechtssicherheit bei den Pflegebed\u00fcrftigen, ihren Familien und den Besch\u00e4ftigten. Die Fachkr\u00e4fte m\u00fcssten in der Sozialversicherung angemeldet werden. Daher brauche es sowohl f\u00fcr die Arbeitskr\u00e4fte als auch f\u00fcr die Personen, die sie besch\u00e4ftigten, eine Amnestieregelung, die es ihnen erm\u00f6gliche, sie zu einem bestimmten Stichtag anzumelden ohne mit anschlie\u00dfender Strafverfolgung zu rechnen.<\/p>\n<p>Rund eine halbe Million illegale Besch\u00e4ftigungsverh\u00e4ltnisse<br \/>\nDas Deutsche Institut f\u00fcr angewandte Pflegeforschung und der Sozialverband VdK gehen bundesweit von bis zu 500.000 illegal besch\u00e4ftigten Pflegerinnen und Pflegern aus dem Ausland in der h\u00e4uslichen Pflege aus.<\/p>\n<p>Allein in NRW sollen rund 125.000 Pflegfachkr\u00e4fte illegal t\u00e4tig sein. Experten der Verb\u00e4nde sch\u00e4tzen, dass neun von zehn der hier t\u00e4tigen Pflege- und Hilfskr\u00e4fte aus dem Ausland in der h\u00e4uslichen Pflege illegal und unterbezahlt besch\u00e4ftigt werden.<\/p>\n","protected":false},"excerpt":{"rendered":"<p>In Nordrhein-Westfalen besteht ein gravierender Mangel an Pflegefachkr\u00e4ften. Das wird gerade jetzt in Zeiten der Pandemie deutlich. &#8222;Durch Corona sind viele ausl\u00e4ndische Pflegekr\u00e4fte, die hier oftmals illegal in der h\u00e4uslichen&hellip; <\/p>\n","protected":false},"author":1,"featured_media":0,"comment_status":"closed","ping_status":"closed","sticky":false,"template":"","format":"standard","meta":{"footnotes":""},"categories":[2275,297],"tags":[2463,2223,2228,2218,1711,2583,472,2585,2584],"quellen":[1317],"class_list":["post-7697","post","type-post","status-publish","format-standard","hentry","category-corona-krise","category-gesundheit","tag-corona-pandemie","tag-coronavirus","tag-coronavirus-krise","tag-covid-19-krise","tag-haeusliche-pflege","tag-illegale-beschaeftigungsverhaeltnisse","tag-pflege","tag-pflegerinnen-und-pfleger","tag-sozialverband-vdk","quellen-mdl-sonja-bongers"],"_links":{"self":[{"href":"https:\/\/meier-gerdingh.de\/wp-spd-ob\/wp-json\/wp\/v2\/posts\/7697","targetHints":{"allow":["GET"]}}],"collection":[{"href":"https:\/\/meier-gerdingh.de\/wp-spd-ob\/wp-json\/wp\/v2\/posts"}],"about":[{"href":"https:\/\/meier-gerdingh.de\/wp-spd-ob\/wp-json\/wp\/v2\/types\/post"}],"author":[{"embeddable":true,"href":"https:\/\/meier-gerdingh.de\/wp-spd-ob\/wp-json\/wp\/v2\/users\/1"}],"replies":[{"embeddable":true,"href":"https:\/\/meier-gerdingh.de\/wp-spd-ob\/wp-json\/wp\/v2\/comments?post=7697"}],"version-history":[{"count":0,"href":"https:\/\/meier-gerdingh.de\/wp-spd-ob\/wp-json\/wp\/v2\/posts\/7697\/revisions"}],"wp:attachment":[{"href":"https:\/\/meier-gerdingh.de\/wp-spd-ob\/wp-json\/wp\/v2\/media?parent=7697"}],"wp:term":[{"taxonomy":"category","embeddable":true,"href":"https:\/\/meier-gerdingh.de\/wp-spd-ob\/wp-json\/wp\/v2\/categories?post=7697"},{"taxonomy":"post_tag","embeddable":true,"href":"https:\/\/meier-gerdingh.de\/wp-spd-ob\/wp-json\/wp\/v2\/tags?post=7697"},{"taxonomy":"quellen","embeddable":true,"href":"https:\/\/meier-gerdingh.de\/wp-spd-ob\/wp-json\/wp\/v2\/quellen?post=7697"}],"curies":[{"name":"wp","href":"https:\/\/api.w.org\/{rel}","templated":true}]}}