{"id":7715,"date":"2020-11-18T19:45:20","date_gmt":"2020-11-18T18:45:20","guid":{"rendered":"https:\/\/meier-gerdingh.de\/wp-spd-ob\/?p=7715"},"modified":"2020-11-18T19:45:53","modified_gmt":"2020-11-18T18:45:53","slug":"arbeitslosenzentren-erhalten","status":"publish","type":"post","link":"https:\/\/meier-gerdingh.de\/wp-spd-ob\/2020\/11\/18\/arbeitslosenzentren-erhalten\/","title":{"rendered":"Arbeitslosenzentren erhalten"},"content":{"rendered":"<p>&#8222;Gerade in Zeiten steigender Erwerbslosenzahlen wegen der Coronakrise brauchen wir mehr Beratung und Hilfe f\u00fcr Arbeitslose, und nicht weniger&#8220;, sagt der SPD-Abgeordnete Stefan Zimkeit. Er hat deshalb einen Antrag in den Landtag eingebracht, mehr Mittel zur Verf\u00fcgung zu stellen, um ein Auslaufen der F\u00f6rderung f\u00fcr die Arbeitslosenzentren zu verhindern.<\/p>\n<p>NRW-Sozialminister Karl-Josef Laumann (CDU) hatte im Fr\u00fchjahr angek\u00fcndigt, die Finanzierung der Arbeitslosenzentren einzustellen. &#8222;Davon ist mein Wahlkreis ganz besonders betroffen&#8220;, begr\u00fcndet Zimkeit sein besonderes Engagement in dieser Sache. In Dinslaken wird die Landesf\u00f6rderung das Caf\u00e9 Komm eingestellt, und in Sterkrade l\u00e4uft die F\u00f6rderung des Arbeitslosenzentrums Kontakt e.V. aus.<!--more--><\/p>\n<p>&#8222;Es gibt zwar die Erwerbslosenberatungen in Oberhausen-Mitte bei der Ruhrwerkstatt und der Starthilfe im Zentrum Altenberg. Diese sollen nun bei stadtweit reduzierter personeller Ausstattung mehr Aufgaben \u00fcbernehmen und einen gr\u00f6\u00dferen Bereich abdecken&#8220;, stellt Zimkeit fest. &#8222;Das ist unzumutbar, sowohl f\u00fcr dort Besch\u00e4ftigten als auch die Ratsuchenden.&#8220;<\/p>\n<p>Stefan Zimkeit, der im engen Austausch mit den Beratungseinrichtungen in Dinslaken und Oberhausen steht, setzt sich seit mehreren Monaten nachdr\u00fccklich f\u00fcr den Erhalt der bew\u00e4hrten Strukturen ein. &#8222;Da wird gute Arbeit geleistet, die den Menschen konkret hilft, ihren Alltag zu bew\u00e4ltigen.&#8220; Der Landtagsabgeordnete weist darauf hin, dass die Coronakrise insbesondere diejenigen betrifft, die nur gering qualifiziert sind. &#8222;Die ben\u00f6tigen ganz besondere Unterst\u00fctzung und Beratung, um nicht in Langzeitarbeitslosigkeit abzugleiten oder um aus ihr herausgeholt zu werden&#8220;, begr\u00fcndet Zimkeit den steigenden Bedarf f\u00fcr Arbeitslosenzentren.<\/p>\n","protected":false},"excerpt":{"rendered":"<p>&#8222;Gerade in Zeiten steigender Erwerbslosenzahlen wegen der Coronakrise brauchen wir mehr Beratung und Hilfe f\u00fcr Arbeitslose, und nicht weniger&#8220;, sagt der SPD-Abgeordnete Stefan Zimkeit. Er hat deshalb einen Antrag in&hellip; <\/p>\n","protected":false},"author":1,"featured_media":0,"comment_status":"closed","ping_status":"closed","sticky":false,"template":"","format":"standard","meta":{"footnotes":""},"categories":[174,2275,216],"tags":[2207,2138,2209,1594,2463,2223,2228,2218,2208,2352,742,431,1557,2353],"quellen":[331],"class_list":["post-7715","post","type-post","status-publish","format-standard","hentry","category-arbeit-und-soziales","category-corona-krise","category-land","tag-arbeitslose","tag-arbeitslosenzentren","tag-arbeitslosenzentrum-kontakt-e-v","tag-arbeitslosigkeit","tag-corona-pandemie","tag-coronavirus","tag-coronavirus-krise","tag-covid-19-krise","tag-erwerbslosenberatung","tag-erwerbslosenberatungsstellen","tag-langzeitarbeitslose","tag-langzeitarbeitslosigkeit","tag-ruhrwerkstatt","tag-starthilfe-erwerbslosenberatung","quellen-mdl-stefan-zimkeit"],"_links":{"self":[{"href":"https:\/\/meier-gerdingh.de\/wp-spd-ob\/wp-json\/wp\/v2\/posts\/7715","targetHints":{"allow":["GET"]}}],"collection":[{"href":"https:\/\/meier-gerdingh.de\/wp-spd-ob\/wp-json\/wp\/v2\/posts"}],"about":[{"href":"https:\/\/meier-gerdingh.de\/wp-spd-ob\/wp-json\/wp\/v2\/types\/post"}],"author":[{"embeddable":true,"href":"https:\/\/meier-gerdingh.de\/wp-spd-ob\/wp-json\/wp\/v2\/users\/1"}],"replies":[{"embeddable":true,"href":"https:\/\/meier-gerdingh.de\/wp-spd-ob\/wp-json\/wp\/v2\/comments?post=7715"}],"version-history":[{"count":0,"href":"https:\/\/meier-gerdingh.de\/wp-spd-ob\/wp-json\/wp\/v2\/posts\/7715\/revisions"}],"wp:attachment":[{"href":"https:\/\/meier-gerdingh.de\/wp-spd-ob\/wp-json\/wp\/v2\/media?parent=7715"}],"wp:term":[{"taxonomy":"category","embeddable":true,"href":"https:\/\/meier-gerdingh.de\/wp-spd-ob\/wp-json\/wp\/v2\/categories?post=7715"},{"taxonomy":"post_tag","embeddable":true,"href":"https:\/\/meier-gerdingh.de\/wp-spd-ob\/wp-json\/wp\/v2\/tags?post=7715"},{"taxonomy":"quellen","embeddable":true,"href":"https:\/\/meier-gerdingh.de\/wp-spd-ob\/wp-json\/wp\/v2\/quellen?post=7715"}],"curies":[{"name":"wp","href":"https:\/\/api.w.org\/{rel}","templated":true}]}}