{"id":779,"date":"2010-07-15T16:00:00","date_gmt":"2010-07-15T14:00:00","guid":{"rendered":"http:\/\/www.meier-gerdingh.de\/spd-oberhausen\/wp\/?p=779"},"modified":"2017-05-16T17:05:49","modified_gmt":"2017-05-16T15:05:49","slug":"hannelore-kraft-praesentiert-neues-landeskabinett","status":"publish","type":"post","link":"https:\/\/meier-gerdingh.de\/wp-spd-ob\/2010\/07\/15\/hannelore-kraft-praesentiert-neues-landeskabinett\/","title":{"rendered":"Hannelore Kraft pr\u00e4sentiert neues Landeskabinett"},"content":{"rendered":"<div style=\"width: 210px\" class=\"wp-caption alignleft\"><a href=\"http:\/\/meier-gerdingh.de\/wp-spd-ob\/wp-content\/uploads\/nrw_kabinett_2010.jpg\"><img decoding=\"async\" class=\"size-full\" src=\"http:\/\/meier-gerdingh.de\/wp-spd-ob\/wp-content\/uploads\/nrw_kabinett_2010.jpg\" alt=\"Das neue Landeskabinett von Nordrhein-Westfalen\" width=\"200\" height=\"133\" \/><\/a><p class=\"wp-caption-text\">Das neue Landeskabinett von Nordrhein-Westfalen<\/p><\/div>\n<p>Hannelore Kraft hat am heutigen Donnerstag das neue Landeskabinett vorgestellt. &#8222;Ich bin stolz, ein mit M\u00e4nnern und Frauen parit\u00e4tisch besetztes Kabinett vorstellen zu k\u00f6nnen&#8220;, sagte die Ministerpr\u00e4sidentin bei der Pr\u00e4sentation in der Staatskanzlei.<!--more--><\/p>\n<p>Das rot-gr\u00fcne Kabinett in Nordrhein-Westfalen:<\/p>\n<p><b>Ministerpr\u00e4sidentin:<\/b><br \/>\n<a class=\"normal\" title=\"Zur Website von Hannelore Kraft | Externer Link | \u00d6ffnet neues Fenster oder neuen Tab\" href=\"http:\/\/www.hannelore-kraft.de\" target=\"_blank\" rel=\"noopener noreferrer\">Hannelore Kraft (SPD)<\/a><\/p>\n<p>Stellvertretende Ministerpr\u00e4sidentin und Schulministerin:<br \/>\n<a class=\"normal\" title=\"Zur Website von Sylvia L\u00f6hrmann | Externer Link | \u00d6ffnet neues Fenster oder neuen Tab\" href=\"http:\/\/sylvia-loehrmann.de\/\" target=\"_blank\" rel=\"noopener noreferrer\">Sylvia L\u00f6hrmann (Gr\u00fcne)<\/a><\/p>\n<p><b>Ministerin f\u00fcr Europa- und Bundesratsangelegenheiten:<\/b><br \/>\n<a class=\"normal\" title=\"Zur Website von Angelica Schwall-D\u00fcren | Externer Link | \u00d6ffnet neues Fenster oder neuen Tab\" href=\"http:\/\/www.schwall-dueren.de\/\" target=\"_blank\" rel=\"noopener noreferrer\">Angelica Schwall-D\u00fcren (SPD)<\/a><\/p>\n<p><b>Finanzminister:<\/b><br \/>\n<a class=\"normal\" title=\"Informationen zu Norbert Walter-Borjans auf der Website der NRWSPD | Externer Link | \u00d6ffnet neues Fenster oder neuen Tab\" href=\"http:\/\/www.nrwspd.de\/personen\/1\/389649\/index.html\" target=\"_blank\" rel=\"noopener noreferrer\">Norbert Walter-Borjans (SPD)<\/a><\/p>\n<p><b>Wirtschaftsminister:<\/b><br \/>\n<a class=\"normal\" title=\"Informationen zu Harry Voigtsberger auf der Website des LVR | Externer Link | \u00d6ffnet neues Fenster oder neuen Tab\" href=\"http:\/\/www.lvr.de\/derlvr\/organisation\/lvrdirektor\/\" target=\"_blank\" rel=\"noopener noreferrer\">Harry Voigtsberger (SPD)<\/a><\/p>\n<p><b>Innenminister:<\/b><br \/>\n<a class=\"normal\" title=\"Zur Website Ralf J\u00e4ger | Externer Link | \u00d6ffnet neues Fenster oder neuen Tab\" href=\"http:\/\/www.jaeger-fuer-duisburg.de\" target=\"_blank\" rel=\"noopener noreferrer\">Ralf J\u00e4ger (SPD)<\/a><\/p>\n<p><b>Justizminister:<\/b><br \/>\n<a class=\"normal\" title=\"Zur Website von Thomas Kutschaty | Externer Link | \u00d6ffnet neues Fenster oder neuen Tab\" href=\"http:\/\/www.thomas-kutschaty.de\" target=\"_blank\" rel=\"noopener noreferrer\">Thomas Kutschaty (SPD)<\/a><\/p>\n<p><b>Minister f\u00fcr Klimaschutz, Umwelt, Landwirtschaft, Natur- und Verbraucherschutz:<\/b><br \/>\n<a class=\"normal\" title=\"Zur Website von Johannes Remmel | Externer Link | \u00d6ffnet neues Fenster oder neuen Tab\" href=\"http:\/\/www.johannes-remmel.de\" target=\"_blank\" rel=\"noopener noreferrer\">Johannes Remmel (Gr\u00fcne)<\/a><\/p>\n<p><b>Ministerin f\u00fcr Gesundheit, Emanzipation, Pflege und Alter:<\/b><br \/>\n<a class=\"normal\" title=\"Zur Website von Barbara Steffens | Externer Link | \u00d6ffnet neues Fenster oder neuen Tab\" href=\"http:\/\/www.barbara-steffens.de\" target=\"_blank\" rel=\"noopener noreferrer\">Barbara Steffens (Gr\u00fcne)<\/a><\/p>\n<p><b>Ministerin f\u00fcr f\u00fcr Innovation, Wissenschaft und Forschung:<\/b><br \/>\n<a class=\"normal\" title=\"Zur Website von Svenja Schulze | Externer Link | \u00d6ffnet neues Fenster oder neuen Tab\" href=\"http:\/\/www.svenja-schulze.de\/\" target=\"_blank\" rel=\"noopener noreferrer\">Svenja Schulze (SPD)<\/a><\/p>\n<p><b>Minister f\u00fcr Arbeit, Integration und Soziales:<\/b><br \/>\n<a class=\"normal\" title=\"Informationen zu Gruntram Schneider auf der Website der NRWSPD | Externer Link | \u00d6ffnet neues Fenster oder neuen Tab\" href=\"http:\/\/www.guntram-schneider.de\" target=\"_blank\" rel=\"noopener noreferrer\">Guntram Schneider (SPD)<\/a><\/p>\n<p><b>Ministerin f\u00fcr Familie, Kinder, Jugend, Kultur und Sport:<\/b><br \/>\n<a class=\"normal\" title=\"Zur Website von Ute Sch\u00e4fer | Externer Link | \u00d6ffnet neues Fenster oder neuen Tab\" href=\"http:\/\/www.uteschaefer.de\/\" target=\"_blank\" rel=\"noopener noreferrer\">Ute Sch\u00e4fer (SPD)<\/a><\/p>\n","protected":false},"excerpt":{"rendered":"<p>Hannelore Kraft hat am heutigen Donnerstag das neue Landeskabinett vorgestellt. &#8222;Ich bin stolz, ein mit M\u00e4nnern und Frauen parit\u00e4tisch besetztes Kabinett vorstellen zu k\u00f6nnen&#8220;, sagte die Ministerpr\u00e4sidentin bei der Pr\u00e4sentation&hellip; <\/p>\n","protected":false},"author":1,"featured_media":0,"comment_status":"closed","ping_status":"closed","sticky":false,"template":"","format":"standard","meta":{"footnotes":""},"categories":[1],"tags":[],"quellen":[],"class_list":["post-779","post","type-post","status-publish","format-standard","hentry","category-allgemein"],"_links":{"self":[{"href":"https:\/\/meier-gerdingh.de\/wp-spd-ob\/wp-json\/wp\/v2\/posts\/779","targetHints":{"allow":["GET"]}}],"collection":[{"href":"https:\/\/meier-gerdingh.de\/wp-spd-ob\/wp-json\/wp\/v2\/posts"}],"about":[{"href":"https:\/\/meier-gerdingh.de\/wp-spd-ob\/wp-json\/wp\/v2\/types\/post"}],"author":[{"embeddable":true,"href":"https:\/\/meier-gerdingh.de\/wp-spd-ob\/wp-json\/wp\/v2\/users\/1"}],"replies":[{"embeddable":true,"href":"https:\/\/meier-gerdingh.de\/wp-spd-ob\/wp-json\/wp\/v2\/comments?post=779"}],"version-history":[{"count":0,"href":"https:\/\/meier-gerdingh.de\/wp-spd-ob\/wp-json\/wp\/v2\/posts\/779\/revisions"}],"wp:attachment":[{"href":"https:\/\/meier-gerdingh.de\/wp-spd-ob\/wp-json\/wp\/v2\/media?parent=779"}],"wp:term":[{"taxonomy":"category","embeddable":true,"href":"https:\/\/meier-gerdingh.de\/wp-spd-ob\/wp-json\/wp\/v2\/categories?post=779"},{"taxonomy":"post_tag","embeddable":true,"href":"https:\/\/meier-gerdingh.de\/wp-spd-ob\/wp-json\/wp\/v2\/tags?post=779"},{"taxonomy":"quellen","embeddable":true,"href":"https:\/\/meier-gerdingh.de\/wp-spd-ob\/wp-json\/wp\/v2\/quellen?post=779"}],"curies":[{"name":"wp","href":"https:\/\/api.w.org\/{rel}","templated":true}]}}