{"id":78,"date":"2001-05-08T16:00:00","date_gmt":"2001-05-08T14:00:00","guid":{"rendered":"http:\/\/www.meier-gerdingh.de\/spd-oberhausen\/wp\/?p=78"},"modified":"2017-05-12T11:05:20","modified_gmt":"2017-05-12T09:05:20","slug":"bremer-klausurtagung-ab-mittwoch-im-internet","status":"publish","type":"post","link":"https:\/\/meier-gerdingh.de\/wp-spd-ob\/2001\/05\/08\/bremer-klausurtagung-ab-mittwoch-im-internet\/","title":{"rendered":"Bremer Klausurtagung ab Mittwoch im Internet"},"content":{"rendered":"<div style=\"width: 73px\" class=\"wp-caption alignleft\"><a href=\"http:\/\/meier-gerdingh.de\/wp-spd-ob\/wp-content\/uploads\/bremen.gif\"><img decoding=\"async\" class=\"size-full\" src=\"http:\/\/meier-gerdingh.de\/wp-spd-ob\/wp-content\/uploads\/bremen.gif\" alt=\"Logo Bremen\" width=\"63\" height=\"98\" \/><\/a><p class=\"wp-caption-text\">Logo Bremen<\/p><\/div>\n<p>Oberhausens SPD-Fraktion zieht es zur diesj\u00e4hrigen Klausurtagung nach Norddeutschland. Von Mittwoch, 9.\u00a0Mai, bis Samstag, 12.\u00a0Mai, geht es in der Wesermetropole Bremen um zentrale kommunalpolitische Weichenstellungen f\u00fcr die Stadt Oberhausen in den n\u00e4chsten Jahren.<!--more--><\/p>\n<p>Ausreichend Zeit nehmen wollen sich die SPD-Ratsmitglieder insbesondere f\u00fcr die Diskussion \u00fcber die Reform der Kernverwaltung und die Herausforderungen, die mit der Entwicklung der Stadtverwaltung zum Konzern Stadt verbunden sind.<\/p>\n<p>Dar\u00fcber hinaus soll der aktuelle Sachstand bei den gro\u00dfen Zukunftsprojekten bilanziert und ein Ausblick auf die weiteren Perspektiven des Strukturwandels gegeben werden. Au\u00dferdem wird die SPD-Fraktion Alternativen zum B\u00e4derkonzept der Verwaltung diskutieren.<\/p>\n<p>Wegen der Klausurtagung ist das SPD-Fraktionsb\u00fcro vom 9. bis 11. Mai geschlossen. Alle kommunalpolitisch interessierten B\u00fcrgerinnen und B\u00fcrger k\u00f6nnen sich auf unserer Homepage \u00fcber den Verlauf der Beratungen in Bremen tagesaktuell informieren.<\/p>\n<p>Die Klausurseite wird ab Mittwoch abend freigeschaltet:<\/p>\n","protected":false},"excerpt":{"rendered":"<p>Oberhausens SPD-Fraktion zieht es zur diesj\u00e4hrigen Klausurtagung nach Norddeutschland. Von Mittwoch, 9.\u00a0Mai, bis Samstag, 12.\u00a0Mai, geht es in der Wesermetropole Bremen um zentrale kommunalpolitische Weichenstellungen f\u00fcr die Stadt Oberhausen in&hellip; <\/p>\n","protected":false},"author":1,"featured_media":0,"comment_status":"closed","ping_status":"closed","sticky":false,"template":"","format":"standard","meta":{"footnotes":""},"categories":[1],"tags":[],"quellen":[],"class_list":["post-78","post","type-post","status-publish","format-standard","hentry","category-allgemein"],"_links":{"self":[{"href":"https:\/\/meier-gerdingh.de\/wp-spd-ob\/wp-json\/wp\/v2\/posts\/78","targetHints":{"allow":["GET"]}}],"collection":[{"href":"https:\/\/meier-gerdingh.de\/wp-spd-ob\/wp-json\/wp\/v2\/posts"}],"about":[{"href":"https:\/\/meier-gerdingh.de\/wp-spd-ob\/wp-json\/wp\/v2\/types\/post"}],"author":[{"embeddable":true,"href":"https:\/\/meier-gerdingh.de\/wp-spd-ob\/wp-json\/wp\/v2\/users\/1"}],"replies":[{"embeddable":true,"href":"https:\/\/meier-gerdingh.de\/wp-spd-ob\/wp-json\/wp\/v2\/comments?post=78"}],"version-history":[{"count":0,"href":"https:\/\/meier-gerdingh.de\/wp-spd-ob\/wp-json\/wp\/v2\/posts\/78\/revisions"}],"wp:attachment":[{"href":"https:\/\/meier-gerdingh.de\/wp-spd-ob\/wp-json\/wp\/v2\/media?parent=78"}],"wp:term":[{"taxonomy":"category","embeddable":true,"href":"https:\/\/meier-gerdingh.de\/wp-spd-ob\/wp-json\/wp\/v2\/categories?post=78"},{"taxonomy":"post_tag","embeddable":true,"href":"https:\/\/meier-gerdingh.de\/wp-spd-ob\/wp-json\/wp\/v2\/tags?post=78"},{"taxonomy":"quellen","embeddable":true,"href":"https:\/\/meier-gerdingh.de\/wp-spd-ob\/wp-json\/wp\/v2\/quellen?post=78"}],"curies":[{"name":"wp","href":"https:\/\/api.w.org\/{rel}","templated":true}]}}