{"id":7829,"date":"2020-11-30T19:00:09","date_gmt":"2020-11-30T18:00:09","guid":{"rendered":"https:\/\/meier-gerdingh.de\/wp-spd-ob\/?p=7829"},"modified":"2020-11-30T19:00:09","modified_gmt":"2020-11-30T18:00:09","slug":"gedraenge-im-centro-muss-beendet-werden","status":"publish","type":"post","link":"https:\/\/meier-gerdingh.de\/wp-spd-ob\/2020\/11\/30\/gedraenge-im-centro-muss-beendet-werden\/","title":{"rendered":"Gedr\u00e4nge im Centro muss beendet werden"},"content":{"rendered":"<p>&#8222;Wer die Pandemie eind\u00e4mmen will, muss Menschenaufl\u00e4ufe im Centro verhindern&#8220;, sagt Stefan Zimkeit (SPD) zu den j\u00fcngsten Ereignissen in der Einkaufsmall. &#8222;Niemand kann verstehen, dass Sportvereine und Restaurants geschlossen sind, aber gleichzeitig die Kontaktreduzierung in den Einkaufszentren nicht funktioniert.&#8220;<\/p>\n<p>Es mache keinen Sinn, die Anzahl der Kunden pro Gesch\u00e4ft zu begrenzen, wenn gleichzeitig dichtes Gedr\u00e4nge vor den L\u00e4den herrscht. Stefan Zimkeit fordert die Landesregierung und die Stadt Oberhausen auf, einzugreifen.<!--more--><\/p>\n<p>&#8222;Es muss durch klare Regeln sichergestellt werden, dass nicht zu viele Menschen gleichzeitig ins Centro dr\u00e4ngen&#8220;, sieht der Landtagsabgeordnete mit Blick auf die weiteren Adventswochenenden dringenden Handlungsbedarf. &#8222;Die Notwendigkeit, Kontakte m\u00f6glichst zu vermeiden, m\u00fcsse auch f\u00fcr das Einkaufen in gro\u00dfen Shoppingzentren gelten.&#8220;<\/p>\n","protected":false},"excerpt":{"rendered":"<p>&#8222;Wer die Pandemie eind\u00e4mmen will, muss Menschenaufl\u00e4ufe im Centro verhindern&#8220;, sagt Stefan Zimkeit (SPD) zu den j\u00fcngsten Ereignissen in der Einkaufsmall. &#8222;Niemand kann verstehen, dass Sportvereine und Restaurants geschlossen sind,&hellip; <\/p>\n","protected":false},"author":1,"featured_media":0,"comment_status":"closed","ping_status":"closed","sticky":false,"template":"","format":"standard","meta":{"footnotes":""},"categories":[2275],"tags":[2634,2189,2463,2223,2228,2218,1731],"quellen":[331],"class_list":["post-7829","post","type-post","status-publish","format-standard","hentry","category-corona-krise","tag-abstandsgebote","tag-centro","tag-corona-pandemie","tag-coronavirus","tag-coronavirus-krise","tag-covid-19-krise","tag-landesregierung","quellen-mdl-stefan-zimkeit"],"_links":{"self":[{"href":"https:\/\/meier-gerdingh.de\/wp-spd-ob\/wp-json\/wp\/v2\/posts\/7829","targetHints":{"allow":["GET"]}}],"collection":[{"href":"https:\/\/meier-gerdingh.de\/wp-spd-ob\/wp-json\/wp\/v2\/posts"}],"about":[{"href":"https:\/\/meier-gerdingh.de\/wp-spd-ob\/wp-json\/wp\/v2\/types\/post"}],"author":[{"embeddable":true,"href":"https:\/\/meier-gerdingh.de\/wp-spd-ob\/wp-json\/wp\/v2\/users\/1"}],"replies":[{"embeddable":true,"href":"https:\/\/meier-gerdingh.de\/wp-spd-ob\/wp-json\/wp\/v2\/comments?post=7829"}],"version-history":[{"count":0,"href":"https:\/\/meier-gerdingh.de\/wp-spd-ob\/wp-json\/wp\/v2\/posts\/7829\/revisions"}],"wp:attachment":[{"href":"https:\/\/meier-gerdingh.de\/wp-spd-ob\/wp-json\/wp\/v2\/media?parent=7829"}],"wp:term":[{"taxonomy":"category","embeddable":true,"href":"https:\/\/meier-gerdingh.de\/wp-spd-ob\/wp-json\/wp\/v2\/categories?post=7829"},{"taxonomy":"post_tag","embeddable":true,"href":"https:\/\/meier-gerdingh.de\/wp-spd-ob\/wp-json\/wp\/v2\/tags?post=7829"},{"taxonomy":"quellen","embeddable":true,"href":"https:\/\/meier-gerdingh.de\/wp-spd-ob\/wp-json\/wp\/v2\/quellen?post=7829"}],"curies":[{"name":"wp","href":"https:\/\/api.w.org\/{rel}","templated":true}]}}