{"id":7831,"date":"2020-12-05T00:01:29","date_gmt":"2020-12-04T23:01:29","guid":{"rendered":"https:\/\/meier-gerdingh.de\/wp-spd-ob\/?p=7831"},"modified":"2020-12-04T13:59:47","modified_gmt":"2020-12-04T12:59:47","slug":"das-ehrenamt-schaetzen-und-pflegen","status":"publish","type":"post","link":"https:\/\/meier-gerdingh.de\/wp-spd-ob\/2020\/12\/05\/das-ehrenamt-schaetzen-und-pflegen\/","title":{"rendered":"&#8222;Das Ehrenamt sch\u00e4tzen und pflegen&#8220;"},"content":{"rendered":"<div id=\"attachment_7690\" style=\"width: 170px\" class=\"wp-caption alignleft\"><a href=\"https:\/\/meier-gerdingh.de\/wp-spd-ob\/wp-content\/uploads\/2020\/11\/bongers-sonja-2020-lg.jpg\"><img aria-describedby=\"caption-attachment-7690\" decoding=\"async\" class=\"size-full wp-image-7690\" src=\"https:\/\/meier-gerdingh.de\/wp-spd-ob\/wp-content\/uploads\/2020\/11\/bongers-sonja-2020.jpg\" alt=\"\" width=\"160\" height=\"200\" \/><\/a><p id=\"caption-attachment-7690\" class=\"wp-caption-text\">Sonja Bongers ist Vorsitzende der SPD-Ratsfraktion und Mitglied des Landtags von Nordrhein-Westfalen<\/p><\/div>\n<p>Anl\u00e4sslich des <strong>&#8222;Internationalen Tags des Ehrenamtes&#8220;<\/strong> hat die SPD-Landtagsabgeordnete Sonja Bongers die Bedeutung der freiwilligen Arbeit hervorgehoben. &#8222;Unsere Gesellschaft k\u00f6nnte ohne das Ehrenamt in der jetzigen Form kaum funktionieren. Die Frauen und M\u00e4nner, die in ihrer Freizeit zum Wohl der Anderen t\u00e4tig sind, sind ein wichtiger Pfeiler in unserem Leben. Dieses hohe Gut gilt es zu sch\u00e4tzen und zu pflegen&#8220;, sagte Bongers.<!--more--><\/p>\n<h3 class=\"spd-ob-crossheading\">Breites Arbeitsfeld<\/h3>\n<p>Derzeit sind in Deutschland rund 30 Millionen Menschen im Ehrenamt aktiv. Ob in Sportclubs, Verb\u00e4nden, Kirchen, der freiwilligen Feuerwehr, in den Rettungsdiensten oder Vereinen, das Bet\u00e4tigungsfeld ist breit und vielschichtig.<\/p>\n<p>&#8222;Die Ehrenamtler tragen in besonderem Ma\u00dfe auch hier bei uns in Oberhausen zur Lebensqualit\u00e4t bei. Viele von Ihnen, wie zum Beispiel die Rettungskr\u00e4fte oder Mitarbeiter der freiwilligen Feuerwehr sind auch jetzt in Zeiten der Pandemie aktiv. Sie stehen stellvertretend f\u00fcr die Vielen, die trotz Corona, ihren Beitrag leisten&#8220;, so Bongers.<\/p>\n<h3 class=\"spd-ob-crossheading\">Interessant f\u00fcr junge Leute<\/h3>\n<p>Auch immer mehr j\u00fcngere Menschen interessieren sich f\u00fcr die freiwilligen Dienste. &#8222;Im Bundesfreiwilligendienst oder im Freiwilligen Sozialen oder \u00d6kologischen Jahr haben junge Menschen nach dem Ende der Schule die M\u00f6glichkeit, ihre ersten beruflichen Erfahrungen ohne den Druck von Ausbildung und Pr\u00fcfung zu sammeln&#8220;, sagt die Politikerin.<\/p>\n<p>Der &#8222;Internationale Tag des Ehrenamtes&#8220; wird seit 1985 am 5. Dezember begangen. Er wurde auf Initiative der Vereinten Nationen eingef\u00fchrt. In Deutschland wurde des Ehrenamtes bereits schon in den Jahren zuvor gedacht. Damals war der Tag der 2. Dezember. Am heutigen Tag, den 5. Dezember, zeichnet der Bundespr\u00e4sident Menschen f\u00fcr ihr au\u00dferordentliches b\u00fcrgerschaftliches Engagement aus.<\/p>\n","protected":false},"excerpt":{"rendered":"<p>Anl\u00e4sslich des &#8222;Internationalen Tags des Ehrenamtes&#8220; hat die SPD-Landtagsabgeordnete Sonja Bongers die Bedeutung der freiwilligen Arbeit hervorgehoben. &#8222;Unsere Gesellschaft k\u00f6nnte ohne das Ehrenamt in der jetzigen Form kaum funktionieren. Die&hellip; <\/p>\n","protected":false},"author":1,"featured_media":0,"comment_status":"closed","ping_status":"closed","sticky":false,"template":"","format":"standard","meta":{"footnotes":""},"categories":[596],"tags":[586,598,2463,588,2636,597],"quellen":[1317],"class_list":["post-7831","post","type-post","status-publish","format-standard","hentry","category-ehrenamtliches-engagement","tag-bundesfreiwilligendienst","tag-buergerschaftliches-engagement","tag-corona-pandemie","tag-ehrenamt","tag-freiwillige-feuerwehr","tag-internationaler-tag-des-ehrenamtes","quellen-mdl-sonja-bongers"],"_links":{"self":[{"href":"https:\/\/meier-gerdingh.de\/wp-spd-ob\/wp-json\/wp\/v2\/posts\/7831","targetHints":{"allow":["GET"]}}],"collection":[{"href":"https:\/\/meier-gerdingh.de\/wp-spd-ob\/wp-json\/wp\/v2\/posts"}],"about":[{"href":"https:\/\/meier-gerdingh.de\/wp-spd-ob\/wp-json\/wp\/v2\/types\/post"}],"author":[{"embeddable":true,"href":"https:\/\/meier-gerdingh.de\/wp-spd-ob\/wp-json\/wp\/v2\/users\/1"}],"replies":[{"embeddable":true,"href":"https:\/\/meier-gerdingh.de\/wp-spd-ob\/wp-json\/wp\/v2\/comments?post=7831"}],"version-history":[{"count":0,"href":"https:\/\/meier-gerdingh.de\/wp-spd-ob\/wp-json\/wp\/v2\/posts\/7831\/revisions"}],"wp:attachment":[{"href":"https:\/\/meier-gerdingh.de\/wp-spd-ob\/wp-json\/wp\/v2\/media?parent=7831"}],"wp:term":[{"taxonomy":"category","embeddable":true,"href":"https:\/\/meier-gerdingh.de\/wp-spd-ob\/wp-json\/wp\/v2\/categories?post=7831"},{"taxonomy":"post_tag","embeddable":true,"href":"https:\/\/meier-gerdingh.de\/wp-spd-ob\/wp-json\/wp\/v2\/tags?post=7831"},{"taxonomy":"quellen","embeddable":true,"href":"https:\/\/meier-gerdingh.de\/wp-spd-ob\/wp-json\/wp\/v2\/quellen?post=7831"}],"curies":[{"name":"wp","href":"https:\/\/api.w.org\/{rel}","templated":true}]}}