{"id":7837,"date":"2020-12-09T16:57:28","date_gmt":"2020-12-09T15:57:28","guid":{"rendered":"https:\/\/meier-gerdingh.de\/wp-spd-ob\/?p=7837"},"modified":"2020-12-09T17:10:10","modified_gmt":"2020-12-09T16:10:10","slug":"lockdown-light-ist-gescheitert-landesregierung-muss-verantwortung-uebernehmen","status":"publish","type":"post","link":"https:\/\/meier-gerdingh.de\/wp-spd-ob\/2020\/12\/09\/lockdown-light-ist-gescheitert-landesregierung-muss-verantwortung-uebernehmen\/","title":{"rendered":"Lockdown light ist gescheitert \u2013 Landesregierung muss Verantwortung \u00fcbernehmen"},"content":{"rendered":"<div id=\"attachment_4242\" style=\"width: 150px\" class=\"wp-caption alignleft\"><a href=\"https:\/\/meier-gerdingh.de\/wp-spd-ob\/wp-content\/uploads\/2017\/05\/zimkeit_stefan_17.jpg\"><img aria-describedby=\"caption-attachment-4242\" decoding=\"async\" class=\"size-full wp-image-4242\" src=\"https:\/\/meier-gerdingh.de\/wp-spd-ob\/wp-content\/uploads\/2017\/05\/zimkeit_stefan_17.jpg\" alt=\"\" width=\"140\" height=\"192\" \/><\/a><p id=\"caption-attachment-4242\" class=\"wp-caption-text\">Stefan Zimkeit ist Landtagsabgeordneter f\u00fcr Oberhausen-Sterkrade und Dinslaken sowie haushalts- und finanzpolitischer Sprecher der SPD-Landtagsfraktion<\/p><\/div>\n<p>Stefan Zimkeit (SPD) fordert eine sofortige Versch\u00e4rfung der Ma\u00dfnahmen gegen die Ausbreitung des Coronavirus. &#8222;Die hohe Zahl an Coronatoten macht in schrecklicher Art und Weise deutlich, dass der Lockdown light gescheiterte ist&#8220;, sagt der Oberhausener Landtagsabgeordnete. Er bef\u00fcrchtet, dass die medizinische Versorgung von Schwerstkranken bald nicht mehr gew\u00e4hrleistet werden kann.<\/p>\n<p>&#8222;Deshalb muss jetzt schnell und entschlossen gehandelt werden, auch wenn dies mit erheblichen Belastungen f\u00fcr viele Menschen verbunden ist und nicht auf ungeteilte Zustimmung trifft.<!--more--><\/p>\n<p>&#8222;\u00dcberall da, wo es m\u00f6glich ist, muss wieder im Homeoffice gearbeitet werden. Die Arbeitswelt ist bei der Bek\u00e4mpfung der Pandemie zu wenig beachtet worden.&#8220; Auch dort bestehe eine Infektionsgefahr, fordert Stefan Zimkeit verst\u00e4rkte Arbeitsschutzma\u00dfnahmen in den Betrieben.<\/p>\n<p>In St\u00e4dten mit hohen Infektionszahlen m\u00f6chte Zimkeit, dass ab sofort die Klassen durch einen Wechsel zwischen Pr\u00e4senz und digitalem Unterricht verkleinert werden. &#8222;Dies muss ab der achten Klasse gelten, um das Ansteckungsrisiko durch zu volle R\u00e4ume wenigstens zu halbieren. Schulministerin Gebauer muss hier endlich Verantwortung \u00fcbernehmen und darf diese nicht den Schulleitungen aufb\u00fcrden&#8220;, so Zimkeit.<\/p>\n<p>Au\u00dferdem m\u00fcsse den Schulen die M\u00f6glichkeit gegeben werden, eigene Ma\u00dfnahmen zur Durchf\u00fchrung eines gesundheitlich verantwortbaren Unterrichts umzusetzen, wie die Nutzung gr\u00f6\u00dferer R\u00e4ume und Schichtunterricht. &#8222;Es ist fatal, dass die Schulministerin selbst unt\u00e4tig bleibt und gleichzeitig die Schulen bei Probleml\u00f6sungen behindert.&#8220;<\/p>\n<p>Stefan Zimkeit h\u00e4lt einen konsequenten Shutdown zum Jahreswechsel mit einer Schlie\u00dfung des Einzelhandels sp\u00e4testens ab Weihnachten f\u00fcr unvermeidlich. &#8222;Mit Ausnahme der Lebensmittelgesch\u00e4fte muss alles runtergefahren werden, um den \u00fcblichen Andrang f\u00fcr Umtausch und Geschenkgutscheine zu verhindern.<\/p>\n<p>Der Abgeordnete bef\u00fcrwortet auch ein Feuerwerksverbot. &#8222;Wir m\u00fcssen verhindern, dass das Klinikpersonal durch Verletzungen durch Feuerwerksk\u00f6rper zus\u00e4tzlich belastet wird.&#8220; Eine Lockerung der Kontaktbeschr\u00e4nkungen zu Silvester h\u00e4lt Zimkeit f\u00fcr unverantwortlich.<\/p>\n<p>Es m\u00fcsse sichergestellt werden, dass von Ma\u00dfnahmen betroffene Arbeitnehmer unterst\u00fctzt und betroffene Unternehmen entsch\u00e4digt werden. &#8222;Dabei darf die Landesregierung nicht immer nur nach Mitteln vom Bund rufen, sondern muss selbst Hilfen zur Verf\u00fcgung stellen&#8220;, betont der SPD-Finanzexperte.<\/p>\n<p>&#8222;Die notwendigen Gelder stehen im NRW-Rettungsschirm zur Verf\u00fcgung.&#8220; Zimkeit erwartet von der Landesregierung, dass sie aufh\u00f6rt, Entscheidungen und Probleml\u00f6sungen auf Kommunen, Krankenh\u00e4user und Schulen abzuw\u00e4lzen. &#8222;Ministerpr\u00e4sidenten Laschet muss endlich selbst Verantwortung \u00fcbernimmt. So wie jetzt kann es nicht weiter gehen.&#8220;<\/p>\n","protected":false},"excerpt":{"rendered":"<p>Stefan Zimkeit (SPD) fordert eine sofortige Versch\u00e4rfung der Ma\u00dfnahmen gegen die Ausbreitung des Coronavirus. &#8222;Die hohe Zahl an Coronatoten macht in schrecklicher Art und Weise deutlich, dass der Lockdown light&hellip; <\/p>\n","protected":false},"author":1,"featured_media":0,"comment_status":"closed","ping_status":"closed","sticky":false,"template":"","format":"standard","meta":{"footnotes":""},"categories":[2275,216],"tags":[2463,2223,2228,2218,2644,2643,2529],"quellen":[331],"class_list":["post-7837","post","type-post","status-publish","format-standard","hentry","category-corona-krise","category-land","tag-corona-pandemie","tag-coronavirus","tag-coronavirus-krise","tag-covid-19-krise","tag-feuerwerksverbot","tag-lockdown","tag-nrw-rettungsschirm","quellen-mdl-stefan-zimkeit"],"_links":{"self":[{"href":"https:\/\/meier-gerdingh.de\/wp-spd-ob\/wp-json\/wp\/v2\/posts\/7837","targetHints":{"allow":["GET"]}}],"collection":[{"href":"https:\/\/meier-gerdingh.de\/wp-spd-ob\/wp-json\/wp\/v2\/posts"}],"about":[{"href":"https:\/\/meier-gerdingh.de\/wp-spd-ob\/wp-json\/wp\/v2\/types\/post"}],"author":[{"embeddable":true,"href":"https:\/\/meier-gerdingh.de\/wp-spd-ob\/wp-json\/wp\/v2\/users\/1"}],"replies":[{"embeddable":true,"href":"https:\/\/meier-gerdingh.de\/wp-spd-ob\/wp-json\/wp\/v2\/comments?post=7837"}],"version-history":[{"count":0,"href":"https:\/\/meier-gerdingh.de\/wp-spd-ob\/wp-json\/wp\/v2\/posts\/7837\/revisions"}],"wp:attachment":[{"href":"https:\/\/meier-gerdingh.de\/wp-spd-ob\/wp-json\/wp\/v2\/media?parent=7837"}],"wp:term":[{"taxonomy":"category","embeddable":true,"href":"https:\/\/meier-gerdingh.de\/wp-spd-ob\/wp-json\/wp\/v2\/categories?post=7837"},{"taxonomy":"post_tag","embeddable":true,"href":"https:\/\/meier-gerdingh.de\/wp-spd-ob\/wp-json\/wp\/v2\/tags?post=7837"},{"taxonomy":"quellen","embeddable":true,"href":"https:\/\/meier-gerdingh.de\/wp-spd-ob\/wp-json\/wp\/v2\/quellen?post=7837"}],"curies":[{"name":"wp","href":"https:\/\/api.w.org\/{rel}","templated":true}]}}