{"id":7838,"date":"2020-12-09T16:59:32","date_gmt":"2020-12-09T15:59:32","guid":{"rendered":"https:\/\/meier-gerdingh.de\/wp-spd-ob\/?p=7838"},"modified":"2020-12-09T16:59:32","modified_gmt":"2020-12-09T15:59:32","slug":"oberhausen-erhaelt-32-millionen-euro","status":"publish","type":"post","link":"https:\/\/meier-gerdingh.de\/wp-spd-ob\/2020\/12\/09\/oberhausen-erhaelt-32-millionen-euro\/","title":{"rendered":"Oberhausen erh\u00e4lt 32 Millionen Euro"},"content":{"rendered":"<p>Oberhausen erh\u00e4lt in der n\u00e4chsten Woche 32 Millionen Euro von Bund und Land zum Ausgleich der coronabedingten Gewerbesteuerausf\u00e4lle, teilt der SPD-Finanzexperte Stefan Zimkeit mit. Nordrhein-Westfalen beteilige sich mit dem vorgeschriebenen 50-Prozent-Eigenanteil an dieser von Bundesfinanzminister Olaf Scholz (SPD) auf den Weg gebrachten Hilfe f\u00fcr die St\u00e4dte.<\/p>\n<p>&#8222;Das ist in der aktuellen Lage eine sehr wichtige Hilfe&#8220;, begr\u00fc\u00dft Stefan Zimkeit die Auszahlung der Gelder. &#8222;Aber es reicht nicht, nur f\u00fcr 2020 einen Ausgleich f\u00fcr ausfallende Gewerbesteuern bereitzustellen&#8220;, mahnt der Abgeordnete. Er sieht die Landesregierung in der Verantwortung, in 2021 und 22 die Steuerausf\u00e4lle der St\u00e4dte zu kompensieren.<!--more--><\/p>\n<p>W\u00e4hrend der Bundesfinanzminister mit der weitgehenden \u00dcbernahme der Wohnkosten von Hartz-IV-Empf\u00e4ngern f\u00fcr eine erhebliche Entlastung der kommunalen Haushalte sorge, bleibe der Landesfinanzminister unt\u00e4tig. <\/p>\n<p>&#8222;Das ist nicht akzeptabel, zumal die daf\u00fcr notwendigen Mittel im NRW-Rettungsschirm zur Verf\u00fcgung stehen&#8220;, stellt Zimkeit fest. Die von ihm in den Landesfinanzausschuss eingebrachten Vorschl\u00e4ge, die St\u00e4dte auch im n\u00e4chsten Jahr zu unterst\u00fctzen, sind an der schwarz-gelben Koalition gescheitert. &#8222;Ich hoffe, das bewegt sich noch etwas. Ansonsten drohen in vielen St\u00e4dten Steuererh\u00f6hungen und ein Herunterfahren von Investitionen.&#8220; <\/p>\n","protected":false},"excerpt":{"rendered":"<p>Oberhausen erh\u00e4lt in der n\u00e4chsten Woche 32 Millionen Euro von Bund und Land zum Ausgleich der coronabedingten Gewerbesteuerausf\u00e4lle, teilt der SPD-Finanzexperte Stefan Zimkeit mit. Nordrhein-Westfalen beteilige sich mit dem vorgeschriebenen&hellip; <\/p>\n","protected":false},"author":1,"featured_media":0,"comment_status":"closed","ping_status":"closed","sticky":false,"template":"","format":"standard","meta":{"footnotes":""},"categories":[2275,98,216],"tags":[2463,2223,2228,2218,688,2642,2329,1619],"quellen":[331],"class_list":["post-7838","post","type-post","status-publish","format-standard","hentry","category-corona-krise","category-finanzen","category-land","tag-corona-pandemie","tag-coronavirus","tag-coronavirus-krise","tag-covid-19-krise","tag-gewerbesteuer","tag-kommunalhaushalte","tag-steuerausfaelle","tag-steuererhoehungen","quellen-mdl-stefan-zimkeit"],"_links":{"self":[{"href":"https:\/\/meier-gerdingh.de\/wp-spd-ob\/wp-json\/wp\/v2\/posts\/7838","targetHints":{"allow":["GET"]}}],"collection":[{"href":"https:\/\/meier-gerdingh.de\/wp-spd-ob\/wp-json\/wp\/v2\/posts"}],"about":[{"href":"https:\/\/meier-gerdingh.de\/wp-spd-ob\/wp-json\/wp\/v2\/types\/post"}],"author":[{"embeddable":true,"href":"https:\/\/meier-gerdingh.de\/wp-spd-ob\/wp-json\/wp\/v2\/users\/1"}],"replies":[{"embeddable":true,"href":"https:\/\/meier-gerdingh.de\/wp-spd-ob\/wp-json\/wp\/v2\/comments?post=7838"}],"version-history":[{"count":0,"href":"https:\/\/meier-gerdingh.de\/wp-spd-ob\/wp-json\/wp\/v2\/posts\/7838\/revisions"}],"wp:attachment":[{"href":"https:\/\/meier-gerdingh.de\/wp-spd-ob\/wp-json\/wp\/v2\/media?parent=7838"}],"wp:term":[{"taxonomy":"category","embeddable":true,"href":"https:\/\/meier-gerdingh.de\/wp-spd-ob\/wp-json\/wp\/v2\/categories?post=7838"},{"taxonomy":"post_tag","embeddable":true,"href":"https:\/\/meier-gerdingh.de\/wp-spd-ob\/wp-json\/wp\/v2\/tags?post=7838"},{"taxonomy":"quellen","embeddable":true,"href":"https:\/\/meier-gerdingh.de\/wp-spd-ob\/wp-json\/wp\/v2\/quellen?post=7838"}],"curies":[{"name":"wp","href":"https:\/\/api.w.org\/{rel}","templated":true}]}}