{"id":786,"date":"2010-08-31T16:00:00","date_gmt":"2010-08-31T14:00:00","guid":{"rendered":"http:\/\/www.meier-gerdingh.de\/spd-oberhausen\/wp\/?p=786"},"modified":"2017-05-16T17:04:52","modified_gmt":"2017-05-16T15:04:52","slug":"grosse-broemer-erneut-vorsitzender-im-schulausschuss-br-zimkeit-im-haushaltsausschuss","status":"publish","type":"post","link":"https:\/\/meier-gerdingh.de\/wp-spd-ob\/2010\/08\/31\/grosse-broemer-erneut-vorsitzender-im-schulausschuss-br-zimkeit-im-haushaltsausschuss\/","title":{"rendered":"Gro\u00dfe Br\u00f6mer erneut Vorsitzender im Schulausschuss &#8211;<br \/>Zimkeit im Haushaltsausschuss."},"content":{"rendered":"<div style=\"width: 210px\" class=\"wp-caption alignleft\"><a href=\"http:\/\/meier-gerdingh.de\/wp-spd-ob\/wp-content\/uploads\/landtag_nrw.jpg\"><img decoding=\"async\" class=\"size-full\" src=\"http:\/\/meier-gerdingh.de\/wp-spd-ob\/wp-content\/uploads\/landtag_nrw.jpg\" alt=\"Der Landtag von Nordrhein-Westfalen\" width=\"200\" height=\"160\" \/><\/a><p class=\"wp-caption-text\">Der Landtag von Nordrhein-Westfalen<\/p><\/div>\n<p>Die SPD-Landtagsfraktion hat heute ihre Vorschl\u00e4ge f\u00fcr die anstehende Besetzung der Landtagaussch\u00fcsse beschlossen. Die Oberhausener Abgeordneten Wolfgang Gro\u00dfe Br\u00f6mer und Stefan Zimkeit werden sich demnach in den kommenden Jahren in zentralen Bereichen der Landespolitik einbringen k\u00f6nnen. So soll Wolfgang Gro\u00dfe Br\u00f6mer erneut zum Vorsitzenden im Ausschuss f\u00fcr Schule und Weiterbildung gew\u00e4hlt werden. Mit gro\u00dfer Mehrheit sprach sich die Fraktion daf\u00fcr aus, dass der Oberhausener auch in dieser Wahlperiode den Schulausschuss leiten und damit eines der wichtigsten landespolitischen Felder an entscheidender Stelle mitgestalten soll.<!--more--><\/p>\n<p>Dar\u00fcber hinaus wird Gro\u00dfe Br\u00f6mer die SPD-Fraktion als ordentliches Mitglied im Ausschuss f\u00fcr Haushaltskontrolle vertreten. Stellvertretend wird er den Aussch\u00fcssen f\u00fcr Bauen und Verkehr sowie dem Haushaltsausschuss angeh\u00f6ren.<\/p>\n<p>Gleich zu Beginn seiner T\u00e4tigkeit als Landtagsabgeordneter f\u00fcr Sterkrade und Dinslaken wird Stefan Zimkeit die SPD-Fraktion im wichtigen Ausschuss f\u00fcr Haushalt und Finanzen vertreten. Wie am Rande der heutigen Fraktionssitzung in D\u00fcsseldorf bekannt wurde, soll Zimkeit dar\u00fcber hinaus auch ordentliches Mitglied im Ausschuss f\u00fcr Familie, Kinder und Jugend werden. Als stellvertretendes Mitglied wird er den Aussch\u00fcssen f\u00fcr Haushaltskontrolle, Europa und EineWelt sowie dem Ausschuss f\u00fcr Kommunales zur Verf\u00fcgung stehen.<\/p>\n","protected":false},"excerpt":{"rendered":"<p>Die SPD-Landtagsfraktion hat heute ihre Vorschl\u00e4ge f\u00fcr die anstehende Besetzung der Landtagaussch\u00fcsse beschlossen. Die Oberhausener Abgeordneten Wolfgang Gro\u00dfe Br\u00f6mer und Stefan Zimkeit werden sich demnach in den kommenden Jahren in&hellip; <\/p>\n","protected":false},"author":1,"featured_media":0,"comment_status":"closed","ping_status":"closed","sticky":false,"template":"","format":"standard","meta":{"footnotes":""},"categories":[1],"tags":[],"quellen":[],"class_list":["post-786","post","type-post","status-publish","format-standard","hentry","category-allgemein"],"_links":{"self":[{"href":"https:\/\/meier-gerdingh.de\/wp-spd-ob\/wp-json\/wp\/v2\/posts\/786","targetHints":{"allow":["GET"]}}],"collection":[{"href":"https:\/\/meier-gerdingh.de\/wp-spd-ob\/wp-json\/wp\/v2\/posts"}],"about":[{"href":"https:\/\/meier-gerdingh.de\/wp-spd-ob\/wp-json\/wp\/v2\/types\/post"}],"author":[{"embeddable":true,"href":"https:\/\/meier-gerdingh.de\/wp-spd-ob\/wp-json\/wp\/v2\/users\/1"}],"replies":[{"embeddable":true,"href":"https:\/\/meier-gerdingh.de\/wp-spd-ob\/wp-json\/wp\/v2\/comments?post=786"}],"version-history":[{"count":0,"href":"https:\/\/meier-gerdingh.de\/wp-spd-ob\/wp-json\/wp\/v2\/posts\/786\/revisions"}],"wp:attachment":[{"href":"https:\/\/meier-gerdingh.de\/wp-spd-ob\/wp-json\/wp\/v2\/media?parent=786"}],"wp:term":[{"taxonomy":"category","embeddable":true,"href":"https:\/\/meier-gerdingh.de\/wp-spd-ob\/wp-json\/wp\/v2\/categories?post=786"},{"taxonomy":"post_tag","embeddable":true,"href":"https:\/\/meier-gerdingh.de\/wp-spd-ob\/wp-json\/wp\/v2\/tags?post=786"},{"taxonomy":"quellen","embeddable":true,"href":"https:\/\/meier-gerdingh.de\/wp-spd-ob\/wp-json\/wp\/v2\/quellen?post=786"}],"curies":[{"name":"wp","href":"https:\/\/api.w.org\/{rel}","templated":true}]}}