{"id":79,"date":"2001-05-17T16:00:00","date_gmt":"2001-05-17T14:00:00","guid":{"rendered":"http:\/\/www.meier-gerdingh.de\/spd-oberhausen\/wp\/?p=79"},"modified":"2017-05-12T11:05:10","modified_gmt":"2017-05-12T09:05:10","slug":"stadtgespraech-innenstadt-am-21-mai","status":"publish","type":"post","link":"https:\/\/meier-gerdingh.de\/wp-spd-ob\/2001\/05\/17\/stadtgespraech-innenstadt-am-21-mai\/","title":{"rendered":"Stadtgespr\u00e4ch Innenstadt am 21.\u00a0Mai"},"content":{"rendered":"<div style=\"width: 150px\" class=\"wp-caption alignleft\"><a href=\"http:\/\/meier-gerdingh.de\/wp-spd-ob\/wp-content\/uploads\/altmarkt.jpg\"><img decoding=\"async\" class=\"size-full\" src=\"http:\/\/meier-gerdingh.de\/wp-spd-ob\/wp-content\/uploads\/altmarkt.jpg\" alt=\"Altmarkt\" width=\"140\" height=\"190\" \/><\/a><p class=\"wp-caption-text\">Altmarkt<\/p><\/div>\n<p>Die St\u00e4rkung der Stadtteile bleibt ganz oben auf der kommunalpolitischen Tagesordnung in Oberhausen. Mit einer Reihe \u00f6ffentlicher Veranstaltungen setzt die SPD-Fraktion in den kommenden Monaten ihren Dialog mit den B\u00fcrgerinnen und B\u00fcrgern vor Ort fort. Den Anfang macht am 21. Mai das &#8222;Stadtgespr\u00e4ch&#8220; zum Thema &#8222;Stand und Perspektiven der Innenstadt Alt-Oberhausen&#8220;.<!--more--><\/p>\n<p>In den letzten Tagen ist eine neue Ausgabe der Informationsreihe &#8222;Stadtgespr\u00e4ch&#8220; der SPD-Fraktion erstellt und im Innenstadtbereich verteilt worden.<\/p>\n<p>Mit dem vierseitigen Faltblatt wird anhand einiger konkreter Beispiele deutlich, dass kommunale Weichenstellungen, die eine breite Palette von Ma\u00dfnahmen \u00fcber die Beteiligung am City-Management bis hin zur Steigerung der Attraktivit\u00e4t des Wohnstandortes Innenstadt beinhalten, Erfolge zeigen.<\/p>\n<p>&#8222;Der Weg, den wir mit der Er\u00f6ffnung der Neuen Mitte eingeschlagen haben, die Stadtteile im Gleichschritt weiter zu entwickeln, ist richtig und wichtig. Angesichts der aktuellen Planungen O.Vision gilt es, die Stadtteile auch f\u00fcr diese neue Herausforderung fit zu machen&#8220;, so der SPD-Fraktionsvorsitzende Michael Groschek.<\/p>\n<p>Hierzu k\u00fcndigt der SPD-Fraktionschef Michael Groschek \u00e4hnliche Veranstaltungen und Initiativen seiner Fraktion auch f\u00fcr Osterfeld und Sterkrade an.<\/p>\n<p>Dass die Sozialdemokraten es ernst nehmen mit der Ank\u00fcndigung, die Weiterentwicklung der Stadtteile gemeinsam mit B\u00fcrgerinnen und B\u00fcrgern zu diskutieren, wird hier auch mit einer konkreten Einladung verbunden: Die Oberhausener SPD-Fraktion l\u00e4dt zu einer \u00f6ffentlichen Versammlung zum Thema &#8222;Innenstadt &#8211; Stand und Perspektiven&#8220; f\u00fcr<\/p>\n<div align=\"center\"><b>Montag, 21. Mai 2001, 20.00 Uhr,<br \/>\nLuise-Albertz-Halle, Raum Br\u00fcssel,<\/b><\/div>\n<p>&nbsp;<\/p>\n<p>alle interessierten B\u00fcrgerinnen und B\u00fcrger herzlich ein.<\/p>\n","protected":false},"excerpt":{"rendered":"<p>Die St\u00e4rkung der Stadtteile bleibt ganz oben auf der kommunalpolitischen Tagesordnung in Oberhausen. Mit einer Reihe \u00f6ffentlicher Veranstaltungen setzt die SPD-Fraktion in den kommenden Monaten ihren Dialog mit den B\u00fcrgerinnen&hellip; <\/p>\n","protected":false},"author":1,"featured_media":0,"comment_status":"closed","ping_status":"closed","sticky":false,"template":"","format":"standard","meta":{"footnotes":""},"categories":[1],"tags":[],"quellen":[],"class_list":["post-79","post","type-post","status-publish","format-standard","hentry","category-allgemein"],"_links":{"self":[{"href":"https:\/\/meier-gerdingh.de\/wp-spd-ob\/wp-json\/wp\/v2\/posts\/79","targetHints":{"allow":["GET"]}}],"collection":[{"href":"https:\/\/meier-gerdingh.de\/wp-spd-ob\/wp-json\/wp\/v2\/posts"}],"about":[{"href":"https:\/\/meier-gerdingh.de\/wp-spd-ob\/wp-json\/wp\/v2\/types\/post"}],"author":[{"embeddable":true,"href":"https:\/\/meier-gerdingh.de\/wp-spd-ob\/wp-json\/wp\/v2\/users\/1"}],"replies":[{"embeddable":true,"href":"https:\/\/meier-gerdingh.de\/wp-spd-ob\/wp-json\/wp\/v2\/comments?post=79"}],"version-history":[{"count":0,"href":"https:\/\/meier-gerdingh.de\/wp-spd-ob\/wp-json\/wp\/v2\/posts\/79\/revisions"}],"wp:attachment":[{"href":"https:\/\/meier-gerdingh.de\/wp-spd-ob\/wp-json\/wp\/v2\/media?parent=79"}],"wp:term":[{"taxonomy":"category","embeddable":true,"href":"https:\/\/meier-gerdingh.de\/wp-spd-ob\/wp-json\/wp\/v2\/categories?post=79"},{"taxonomy":"post_tag","embeddable":true,"href":"https:\/\/meier-gerdingh.de\/wp-spd-ob\/wp-json\/wp\/v2\/tags?post=79"},{"taxonomy":"quellen","embeddable":true,"href":"https:\/\/meier-gerdingh.de\/wp-spd-ob\/wp-json\/wp\/v2\/quellen?post=79"}],"curies":[{"name":"wp","href":"https:\/\/api.w.org\/{rel}","templated":true}]}}