{"id":795,"date":"2010-10-04T16:00:00","date_gmt":"2010-10-04T14:00:00","guid":{"rendered":"http:\/\/www.meier-gerdingh.de\/spd-oberhausen\/wp\/?p=795"},"modified":"2017-05-16T17:01:34","modified_gmt":"2017-05-16T15:01:34","slug":"jungfernrede-im-landtag","status":"publish","type":"post","link":"https:\/\/meier-gerdingh.de\/wp-spd-ob\/2010\/10\/04\/jungfernrede-im-landtag\/","title":{"rendered":"Jungfernrede im Landtag"},"content":{"rendered":"<div style=\"width: 150px\" class=\"wp-caption alignleft\"><a href=\"http:\/\/meier-gerdingh.de\/wp-spd-ob\/wp-content\/uploads\/zimkeit_stefan_09.jpg\"><img decoding=\"async\" class=\"size-full\" src=\"http:\/\/meier-gerdingh.de\/wp-spd-ob\/wp-content\/uploads\/zimkeit_stefan_09.jpg\" alt=\"Stefan Zimkeit ist Landtagsabgeordneter f\u00fcr Oberhausen-Sterkrade und Dinslaken\" width=\"140\" height=\"169\" \/><\/a><p class=\"wp-caption-text\">Stefan Zimkeit ist Landtagsabgeordneter f\u00fcr Oberhausen-Sterkrade und Dinslaken<\/p><\/div>\n<p>Der Sterkrader Abgeordnete Stefan Zimkeit hat seine erste Rede im Landtag gehalten. Bereits in der zweiten Sitzungswoche nach der Wahl der Landesregierung setzte die SPD-Fraktion ihn auf die Redeliste f\u00fcr die finanzpolitische Plenardebatte. Zimkeit warf der CDU vor, an der Legende zu stricken, sie habe ein Haushaltskonsolidierung in die Wege geleitet. &#8222;In Wahrheit sind sie aber die schwarz-gelben Rekordschuldenmacher&#8220;, rechnete er der abgew\u00e4hlten R\u00fcttgers-Regierung vor.<!--more--><\/p>\n<p>Stefan Zimkeit, stellvertretender haushalts- und finanzpolitischer Sprecher der SPD-Landtagsfraktion, machte CDU und FDP daf\u00fcr verantwortlich, dass das Land sich zulasten der St\u00e4dte und Gemeinden bereichert habe. Er versprach, dass es k\u00fcnftig keine Haushaltspolitik mehr auf Kosten der Kommunen geben werde.<\/p>\n<p>Rot-gr\u00fcn werde die Neuverschuldung ab 2011 schrittweise senken, &#8222;ohne dabei Strukturen etwa in der Bildung, bei Frauenh\u00e4usern oder Arbeitslosenzentren zu zerschlagen&#8220;, so Zimkeit. &#8222;Wir investieren in die Zukunft unserer Kinder und in Bildung.&#8220;<\/p>\n<p>Was dort investiert werde, k\u00f6nne zuk\u00fcnftig unter anderem in der Jugendhilfe und im Sozialbereich eingespart werden. &#8222;Vor allem aber verbessern wir so die Zukunftschancen kommender Generationen&#8220;, appellierte der SPD-Politiker f\u00fcr die langfristige Sicht \u00fcber die Legislaturperiode hinaus.<\/p>\n<p>Zimkeit bat die NRW-CDU, ihren Einfluss in Berlin geltend zu machen: &#8222;Sorgen Sie daf\u00fcr, dass es keine weiteren Steuersenkungsgesetze gibt, die L\u00e4nder und Kommunen in den Ruin treiben.&#8220; Stattdessen m\u00fcsse im Bund die Einnahmeseite f\u00fcr die L\u00e4nder verbessert werden, etwa durch eine Erh\u00f6hung des Spitzensteuersatzes.<\/p>\n","protected":false},"excerpt":{"rendered":"<p>Der Sterkrader Abgeordnete Stefan Zimkeit hat seine erste Rede im Landtag gehalten. Bereits in der zweiten Sitzungswoche nach der Wahl der Landesregierung setzte die SPD-Fraktion ihn auf die Redeliste f\u00fcr&hellip; <\/p>\n","protected":false},"author":1,"featured_media":0,"comment_status":"closed","ping_status":"closed","sticky":false,"template":"","format":"standard","meta":{"footnotes":""},"categories":[1],"tags":[],"quellen":[],"class_list":["post-795","post","type-post","status-publish","format-standard","hentry","category-allgemein"],"_links":{"self":[{"href":"https:\/\/meier-gerdingh.de\/wp-spd-ob\/wp-json\/wp\/v2\/posts\/795","targetHints":{"allow":["GET"]}}],"collection":[{"href":"https:\/\/meier-gerdingh.de\/wp-spd-ob\/wp-json\/wp\/v2\/posts"}],"about":[{"href":"https:\/\/meier-gerdingh.de\/wp-spd-ob\/wp-json\/wp\/v2\/types\/post"}],"author":[{"embeddable":true,"href":"https:\/\/meier-gerdingh.de\/wp-spd-ob\/wp-json\/wp\/v2\/users\/1"}],"replies":[{"embeddable":true,"href":"https:\/\/meier-gerdingh.de\/wp-spd-ob\/wp-json\/wp\/v2\/comments?post=795"}],"version-history":[{"count":0,"href":"https:\/\/meier-gerdingh.de\/wp-spd-ob\/wp-json\/wp\/v2\/posts\/795\/revisions"}],"wp:attachment":[{"href":"https:\/\/meier-gerdingh.de\/wp-spd-ob\/wp-json\/wp\/v2\/media?parent=795"}],"wp:term":[{"taxonomy":"category","embeddable":true,"href":"https:\/\/meier-gerdingh.de\/wp-spd-ob\/wp-json\/wp\/v2\/categories?post=795"},{"taxonomy":"post_tag","embeddable":true,"href":"https:\/\/meier-gerdingh.de\/wp-spd-ob\/wp-json\/wp\/v2\/tags?post=795"},{"taxonomy":"quellen","embeddable":true,"href":"https:\/\/meier-gerdingh.de\/wp-spd-ob\/wp-json\/wp\/v2\/quellen?post=795"}],"curies":[{"name":"wp","href":"https:\/\/api.w.org\/{rel}","templated":true}]}}